{"id":2179,"date":"2020-03-30T03:00:00","date_gmt":"2020-03-30T06:00:00","guid":{"rendered":"http:\/\/vocesdebaires.com.ar\/wordpress\/index.php\/2020\/03\/30\/ciudad-interrumpio-la-cuarentena-y-lo-ayudaron\/"},"modified":"2020-03-30T03:00:00","modified_gmt":"2020-03-30T06:00:00","slug":"ciudad-interrumpio-la-cuarentena-y-lo-ayudaron","status":"publish","type":"post","link":"https:\/\/vocesdebaires.com.ar\/index.php\/2020\/03\/30\/ciudad-interrumpio-la-cuarentena-y-lo-ayudaron\/","title":{"rendered":"Ciudad: Interrumpi\u00f3 la cuarentena y lo ayudaron"},"content":{"rendered":"<p>La Polic\u00eda de la Ciudad asisti\u00f3 hoy en el Parque Lezama a un hombre de 37 a\u00f1os que se descompens\u00f3 y que ten\u00eda s\u00edntomas compatibles al Coronavirus, tras haber interrumpido la cuarentena obligatoria en su domicilio de Wilde.Un hombre hab\u00eda llamado al 107 por presentar s\u00edntomas del Covid-19 y se le recomend\u00f3 aislarse en su casa, algo que no cumpli\u00f3 porque este jueves se tom\u00f3 el colectivo para ir a trabajar y al llegar a Parque Lezama, en San Telmo, tuvo que ser asistido por sentirse mal.Personal de la Comisar\u00eda Vecinal 1 E lleg\u00f3 al lugar junto al SAME y un m\u00f3vil epidemiol\u00f3gico, y tras consultar con el Juzgado Federal de turno, a cargo de la doctora Barraza, se lo traslad\u00f3 al Hospital Ramos Mej\u00eda. Luego, se volvi\u00f3 a llamar al magistrado interventor y se dispuso que cumpla la cuarentena obligatoria decretada por el Gobierno Nacional para evitar la propagaci\u00f3n del Coronavirus.<\/p>\n","protected":false},"excerpt":{"rendered":"<p>La Polic\u00eda de la Ciudad asisti\u00f3 hoy en el Parque Lezama a un hombre de 37 a\u00f1os que se descompens\u00f3 y que ten\u00eda s\u00edntomas compatibles al Coronavirus, tras haber interrumpido la cuarentena obligatoria en su domicilio de Wilde.Un hombre hab\u00eda llamado al 107 por presentar s\u00edntomas del Covid-19 y se le recomend\u00f3 aislarse en su [&hellip;]<\/p>\n","protected":false},"author":1,"featured_media":2180,"comment_status":"open","ping_status":"open","sticky":false,"template":"","format":"standard","meta":{"_et_pb_use_builder":"","_et_pb_old_content":"","_et_gb_content_width":"","footnotes":""},"categories":[11,32],"tags":[],"class_list":["post-2179","post","type-post","status-publish","format-standard","has-post-thumbnail","hentry","category-ciudad","category-comunas"],"_links":{"self":[{"href":"https:\/\/vocesdebaires.com.ar\/index.php\/wp-json\/wp\/v2\/posts\/2179"}],"collection":[{"href":"https:\/\/vocesdebaires.com.ar\/index.php\/wp-json\/wp\/v2\/posts"}],"about":[{"href":"https:\/\/vocesdebaires.com.ar\/index.php\/wp-json\/wp\/v2\/types\/post"}],"author":[{"embeddable":true,"href":"https:\/\/vocesdebaires.com.ar\/index.php\/wp-json\/wp\/v2\/users\/1"}],"replies":[{"embeddable":true,"href":"https:\/\/vocesdebaires.com.ar\/index.php\/wp-json\/wp\/v2\/comments?post=2179"}],"version-history":[{"count":0,"href":"https:\/\/vocesdebaires.com.ar\/index.php\/wp-json\/wp\/v2\/posts\/2179\/revisions"}],"wp:featuredmedia":[{"embeddable":true,"href":"https:\/\/vocesdebaires.com.ar\/index.php\/wp-json\/wp\/v2\/media\/2180"}],"wp:attachment":[{"href":"https:\/\/vocesdebaires.com.ar\/index.php\/wp-json\/wp\/v2\/media?parent=2179"}],"wp:term":[{"taxonomy":"category","embeddable":true,"href":"https:\/\/vocesdebaires.com.ar\/index.php\/wp-json\/wp\/v2\/categories?post=2179"},{"taxonomy":"post_tag","embeddable":true,"href":"https:\/\/vocesdebaires.com.ar\/index.php\/wp-json\/wp\/v2\/tags?post=2179"}],"curies":[{"name":"wp","href":"https:\/\/api.w.org\/{rel}","templated":true}]}}