{"id":2181,"date":"2020-03-30T03:00:00","date_gmt":"2020-03-30T06:00:00","guid":{"rendered":"http:\/\/vocesdebaires.com.ar\/wordpress\/index.php\/2020\/03\/30\/barrios-portenos-escapo-del-contro-y-fue-detenido\/"},"modified":"2020-03-30T03:00:00","modified_gmt":"2020-03-30T06:00:00","slug":"barrios-portenos-escapo-del-contro-y-fue-detenido","status":"publish","type":"post","link":"https:\/\/vocesdebaires.com.ar\/index.php\/2020\/03\/30\/barrios-portenos-escapo-del-contro-y-fue-detenido\/","title":{"rendered":"Barrios porte\u00f1os: Escapo del contro y fue detenido"},"content":{"rendered":"<p>Todo comenz\u00f3, en un control vehicular ubicado en la intersecci\u00f3n de las avenidas Beir\u00f3 y San Mart\u00edn, barrio de Villa Devoto, cuando un hombre a bordo de un utilitario Fiat Qubo color gris hizo caso omiso a la se\u00f1al de detenci\u00f3n, e intempestivamente se dio a la fuga, dando inicio a una persecuci\u00f3n por parte de los efectivos de la Divisi\u00f3n Motorizada de la Polic\u00eda de la Ciudad que implementaban el operativo.Pese a que le fue impartida la voz de alto en reiteradas oportunidades, el fugitivo continu\u00f3 la huida, y personal policial de diferentes comisar\u00edas respondi\u00f3 la alerta y se fue sumando a la persecuci\u00f3n, la cual se desarroll\u00f3 por unos 15 minutos a trav\u00e9s de los barrios de Villa Devoto, Agronom\u00eda, La Paternal, Chacarita, Colegiales, Belgrano, Coghlan y finalmente Villa Urquiza, en donde el fugitivo fue interceptado por oficiales de la Divisi\u00f3n Motorizada y de la Comisar\u00eda Comunal 12 de la Polic\u00eda de la Ciudad. La detenci\u00f3n se concret\u00f3 en Roosevelt al 4700. El detenido, quien ten\u00eda en su poder un permiso de circulaci\u00f3n, fue imputado por \u00abAtentado, Resistencia y Desobediencia a la Autoridad\u00bb, y la Fiscal\u00eda Penal Contravencional y de Faltas N\u00ba 8 a cargo del Dr. Vence dispuso su detenci\u00f3n y traslado a la comisar\u00eda correspondiente, y el secuestro del veh\u00edculo.<\/p>\n","protected":false},"excerpt":{"rendered":"<p>Todo comenz\u00f3, en un control vehicular ubicado en la intersecci\u00f3n de las avenidas Beir\u00f3 y San Mart\u00edn, barrio de Villa Devoto, cuando un hombre a bordo de un utilitario Fiat Qubo color gris hizo caso omiso a la se\u00f1al de detenci\u00f3n, e intempestivamente se dio a la fuga, dando inicio a una persecuci\u00f3n por parte [&hellip;]<\/p>\n","protected":false},"author":1,"featured_media":2182,"comment_status":"open","ping_status":"open","sticky":false,"template":"","format":"standard","meta":{"_et_pb_use_builder":"","_et_pb_old_content":"","_et_gb_content_width":"","footnotes":""},"categories":[11,32],"tags":[],"class_list":["post-2181","post","type-post","status-publish","format-standard","has-post-thumbnail","hentry","category-ciudad","category-comunas"],"_links":{"self":[{"href":"https:\/\/vocesdebaires.com.ar\/index.php\/wp-json\/wp\/v2\/posts\/2181"}],"collection":[{"href":"https:\/\/vocesdebaires.com.ar\/index.php\/wp-json\/wp\/v2\/posts"}],"about":[{"href":"https:\/\/vocesdebaires.com.ar\/index.php\/wp-json\/wp\/v2\/types\/post"}],"author":[{"embeddable":true,"href":"https:\/\/vocesdebaires.com.ar\/index.php\/wp-json\/wp\/v2\/users\/1"}],"replies":[{"embeddable":true,"href":"https:\/\/vocesdebaires.com.ar\/index.php\/wp-json\/wp\/v2\/comments?post=2181"}],"version-history":[{"count":0,"href":"https:\/\/vocesdebaires.com.ar\/index.php\/wp-json\/wp\/v2\/posts\/2181\/revisions"}],"wp:featuredmedia":[{"embeddable":true,"href":"https:\/\/vocesdebaires.com.ar\/index.php\/wp-json\/wp\/v2\/media\/2182"}],"wp:attachment":[{"href":"https:\/\/vocesdebaires.com.ar\/index.php\/wp-json\/wp\/v2\/media?parent=2181"}],"wp:term":[{"taxonomy":"category","embeddable":true,"href":"https:\/\/vocesdebaires.com.ar\/index.php\/wp-json\/wp\/v2\/categories?post=2181"},{"taxonomy":"post_tag","embeddable":true,"href":"https:\/\/vocesdebaires.com.ar\/index.php\/wp-json\/wp\/v2\/tags?post=2181"}],"curies":[{"name":"wp","href":"https:\/\/api.w.org\/{rel}","templated":true}]}}