{"id":22046,"date":"2014-01-08T21:35:18","date_gmt":"2014-01-09T00:35:18","guid":{"rendered":"http:\/\/vocesdebaires.com.ar\/wordpress\/index.php\/2014\/01\/08\/arbitros-y-programacion-de-los-torneos-de-verano-2014\/"},"modified":"2014-01-08T21:35:18","modified_gmt":"2014-01-09T00:35:18","slug":"arbitros-y-programacion-de-los-torneos-de-verano-2014","status":"publish","type":"post","link":"https:\/\/vocesdebaires.com.ar\/index.php\/2014\/01\/08\/arbitros-y-programacion-de-los-torneos-de-verano-2014\/","title":{"rendered":"\u00c1rbitros y programaci\u00f3n de los Torneos de Verano 2014"},"content":{"rendered":"<p><span style=\"line-height: 1.3em;\">A continuaci\u00f3n se detallan los d\u00edas, \u00e1rbitros, horarios y sedes en que se disputar\u00e1n los encuentros de los Torneos de Verano 2014.<\/span><\/p>\n<p>COPA DE ORO MAR DEL PLATA PIRELLI 2014<\/p>\n<p>(Estadio Mundialista Jos\u00e9 M. Minella de Mar del Plata)<\/p>\n<p><span style=\"line-height: 1.3em;\">S\u00e1bado 11 de enero<\/span><\/p>\n<p>22.10&#8211; River Plate \u00a0 c. \u00a0 Estudiantes de La Plata<\/p>\n<p>\u00c1RBITRO: BELIGOY, FEDERICO<\/p>\n<p>ASIST.1: ZORATTI, SERGIO<\/p>\n<p>ASIST.2: AUMENTE, MARCELO<\/p>\n<p>4TO. \u00c1RB.: LAMOLINA, NICOLAS<\/p>\n<p>Mi\u00e9rcoles \u00a015 de enero<\/p>\n<p>22.10&#8211; Boca Juniors \u00a0 c. \u00a0 \u00a0Estudiantes de La Plata<\/p>\n<p>\u00c1RBITRO: TRUCCO, SILVIO<\/p>\n<p>ASIST.1: BRAILOVSKY, EZEQUIEL<\/p>\n<p>ASIST.2: MOYANO, NORBERTO<\/p>\n<p>4TO. \u00c1RB.: TELLO FIGUEROA, FACUNDO<\/p>\n<p>S\u00e1bado 18 de enero<\/p>\n<p>22.10&#8211; Boca Juniors \u00a0 c. \u00a0 \u00a0River Plate<\/p>\n<p>\u00c1RBITRO: DELFINO, GERM\u00c1N<\/p>\n<p>ASIST.1: UZIGA, JAVIER<\/p>\n<p>ASIST.2: ESQUIVEL, GUSTAVO<\/p>\n<p>4TO. \u00c1RB.: \u00c1LVAREZ, LUIS<\/p>\n<p><span style=\"line-height: 1.3em;\">COPA CIUDAD DE MAR DEL PLATA PIRELLI 2014<\/span><\/p>\n<p>(Estadio Mundialista Jos\u00e9 M. Minella de Mar del Plata)<\/p>\n<p>Lunes 13 de enero<\/p>\n<p>22.10&#8211; Racing Club \u00a0 c. \u00a0 \u00a0Independiente<\/p>\n<p>\u00c1RBITRO: LUNATI, PABLO<\/p>\n<p>ASIST.1: ROMERO, DIEGO<\/p>\n<p>ASIST.2: BEARES, MAT\u00cdAS<\/p>\n<p>4TO. \u00c1RB.: DOVALO, PABLO<\/p>\n<p>Jueves 16 de enero<\/p>\n<p>22.10&#8211; Independiente \u00a0 \u00a0c. \u00a0 \u00a0Newell&#8217;s Old Boys<\/p>\n<p>\u00c1RBITRO: HERRERA, DAR\u00cdO<\/p>\n<p>ASIST.1: NU\u00d1EZ, IV\u00c1N<\/p>\n<p>ASIST.2: \u00a0BARBIERI, \u00a0ANDR\u00c9S<\/p>\n<p>4TO. \u00c1RB.: BERM\u00daDEZ, GERM\u00c1N<\/p>\n<p>Martes \u00a021 de enero<\/p>\n<p>22.10&#8211; Racing \u00a0 \u00a0c. \u00a0 \u00a0Newell&#8217;s Old Boys<\/p>\n<p>\u00c1RBITRO: CEBALLOS, DIEGO<\/p>\n<p>ASIST.1: BONF\u00c1, DIEGO<\/p>\n<p>ASIST.2: CASTANY, ALEJO<\/p>\n<p>4TO. \u00c1RB.: BARRAZA, JULIO<\/p>\n<p><span style=\"line-height: 1.3em;\">CIUDAD DE C\u00d3RDOBA<\/span><\/p>\n<p>(Estadio Mario A. Kempes)<\/p>\n<p>Lunes 20 de enero<\/p>\n<p>22.10&#8211; Independiente c. Rosario Central<\/p>\n<p>\u00c1RBITRO: ECHENIQUE, FERNANDO<\/p>\n<p>ASIST.1: LOVATTO, RA\u00daL<\/p>\n<p>ASIST.2: NOGUERA, FRANCISCO<\/p>\n<p>4TO. \u00c1RB.: SU\u00c1REZ, GAST\u00d3N<\/p>\n<p>&#8212;&#8212;&#8212;&#8212;&#8212;&#8212;&#8212;&#8212;&#8212;&#8212;&#8212;&#8212;&#8212;&#8212;&#8212;&#8212;&#8212;&#8212;&#8212;&#8212;&#8212;&#8212;&#8212;&#8212;&#8212;&#8212;&#8212;&#8212;&#8212;&#8212;&#8212;&#8212;-<\/p>\n<p>Jueves 23 de enero<\/p>\n<p>22.10&#8211; Belgrano de C\u00f3rdoba c. Independiente<\/p>\n<p><span style=\"line-height: 1.3em;\">Domingo 26 de enero<\/span><\/p>\n<p>20.00&#8211; Instituto \u00a0 c. \u00a0 Talleres<\/p>\n<p><span style=\"line-height: 1.3em;\">Lunes 27 de enero<\/span><\/p>\n<p>22.10&#8211; Belgrano de C\u00f3rdoba \u00a0 c. \u00a0 Rosario Central<\/p>\n<p><span style=\"line-height: 1.3em;\">COPA BBVA BANCO FRANCES<\/span><\/p>\n<p>(Estadio Mario A. Kempes)<\/p>\n<p><span style=\"line-height: 1.3em;\">S\u00e1bado 25 de enero<\/span><\/p>\n<p>22.10&#8211; Boca Juniors \u00a0 c. \u00a0River Plate<\/p>\n<p><span style=\"line-height: 1.3em;\">COPA AMISTAD CIUDAD DE LA PLATA PIRELLI 2014<\/span><\/p>\n<p>(Estadio Mundialista Jos\u00e9 M. Minella de Mar del Plata)<\/p>\n<p><span style=\"line-height: 1.3em;\">Domingo \u00a026 de enero <\/span><\/p>\n<p>22.10&#8211; \u00a0Estudiantes de La Plata \u00a0 c. \u00a0 \u00a0Gimnasia y Esgrima La Plata<\/p>\n<p><span style=\"line-height: 1.3em;\">Domingo \u00a002 de febrero<\/span><\/p>\n<p>22.10&#8211; \u00a0Estudiantes de La Plata \u00a0 \u00a0c. \u00a0 Gimnasia y Esgrima La Plata<\/p>\n<p><span style=\"line-height: 1.3em;\">COPA LUIS B. NOFAL \u00a02014<\/span><\/p>\n<p>(Estadio Mundialista Malvinas Argentinas de Mendoza)<\/p>\n<p><span style=\"line-height: 1.3em;\">S\u00e1bado \u00a001 de febrero<\/span><\/p>\n<p>22.10&#8211; Boca Juniors \u00a0 \u00a0c. \u00a0 \u00a0River Plate<\/p>\n","protected":false},"excerpt":{"rendered":"<p>A continuaci\u00f3n se detallan los d\u00edas, \u00e1rbitros, horarios y sedes en que se disputar\u00e1n los encuentros de los Torneos de Verano 2014. COPA DE ORO MAR DEL PLATA PIRELLI 2014 (Estadio Mundialista Jos\u00e9 M. Minella de Mar del Plata) S\u00e1bado 11 de enero 22.10&#8211; River Plate \u00a0 c. \u00a0 Estudiantes de La Plata \u00c1RBITRO: BELIGOY, [&hellip;]<\/p>\n","protected":false},"author":2,"featured_media":16531,"comment_status":"open","ping_status":"open","sticky":false,"template":"","format":"standard","meta":{"_et_pb_use_builder":"","_et_pb_old_content":"","_et_gb_content_width":"","footnotes":""},"categories":[39,14],"tags":[],"class_list":["post-22046","post","type-post","status-publish","format-standard","has-post-thumbnail","hentry","category-1o-division-a","category-deportes"],"_links":{"self":[{"href":"https:\/\/vocesdebaires.com.ar\/index.php\/wp-json\/wp\/v2\/posts\/22046"}],"collection":[{"href":"https:\/\/vocesdebaires.com.ar\/index.php\/wp-json\/wp\/v2\/posts"}],"about":[{"href":"https:\/\/vocesdebaires.com.ar\/index.php\/wp-json\/wp\/v2\/types\/post"}],"author":[{"embeddable":true,"href":"https:\/\/vocesdebaires.com.ar\/index.php\/wp-json\/wp\/v2\/users\/2"}],"replies":[{"embeddable":true,"href":"https:\/\/vocesdebaires.com.ar\/index.php\/wp-json\/wp\/v2\/comments?post=22046"}],"version-history":[{"count":0,"href":"https:\/\/vocesdebaires.com.ar\/index.php\/wp-json\/wp\/v2\/posts\/22046\/revisions"}],"wp:featuredmedia":[{"embeddable":true,"href":"https:\/\/vocesdebaires.com.ar\/index.php\/wp-json\/wp\/v2\/media\/16531"}],"wp:attachment":[{"href":"https:\/\/vocesdebaires.com.ar\/index.php\/wp-json\/wp\/v2\/media?parent=22046"}],"wp:term":[{"taxonomy":"category","embeddable":true,"href":"https:\/\/vocesdebaires.com.ar\/index.php\/wp-json\/wp\/v2\/categories?post=22046"},{"taxonomy":"post_tag","embeddable":true,"href":"https:\/\/vocesdebaires.com.ar\/index.php\/wp-json\/wp\/v2\/tags?post=22046"}],"curies":[{"name":"wp","href":"https:\/\/api.w.org\/{rel}","templated":true}]}}