{"id":22249,"date":"2014-01-28T15:08:49","date_gmt":"2014-01-28T18:08:49","guid":{"rendered":"http:\/\/vocesdebaires.com.ar\/wordpress\/index.php\/2014\/01\/28\/vidal-y-del-sel-recorrieron-el-partido-de-la-costa\/"},"modified":"2014-01-28T15:08:49","modified_gmt":"2014-01-28T18:08:49","slug":"vidal-y-del-sel-recorrieron-el-partido-de-la-costa","status":"publish","type":"post","link":"https:\/\/vocesdebaires.com.ar\/index.php\/2014\/01\/28\/vidal-y-del-sel-recorrieron-el-partido-de-la-costa\/","title":{"rendered":"Vidal y Del Sel recorrieron el Partido de la Costa"},"content":{"rendered":"<p><span style=\"line-height: 1.3em;\">La referente bonaerense de PRO, Mar\u00eda Eugenia Vidal, y el diputado nacional por Santa Fe, Miguel Del Sel, estuvieron esta ma\u00f1ana en el barrio de Las Quintas en Santa Teresita y, despu\u00e9s, viajaron a San Clemente del Tuy\u00fa acompa\u00f1ados por concejales locales.<\/span><span style=\"line-height: 1.3em;\">All\u00ed, los dirigentes afirmaron: \u00abHace a\u00f1os que la Provincia de Buenos Aires la gobiernan los mismos, arrastrando problemas que no pueden solucionar; por eso desde el PRO queremos mostrarle a los argentinos que para 2015 existe una mejor alternativa\u00bb. <\/span><span style=\"line-height: 1.3em;\">En ese sentido, Vidal asegur\u00f3: \u00abLas cosas se cambian trabajando, esa es la manera que elegimos nosotros, as\u00ed lo demostramos en la Ciudad de Buenos Aires y lo queremos llevar a todo el pa\u00eds\u00bb. \u00abHoy, unos vecinos nos contaron que tienen que caminar muchas cuadras para poder conseguir un bid\u00f3n de agua; es hora que, despu\u00e9s de tantos a\u00f1os con los mismos gobernantes, llegue alguien que atienda este tipo de demandas\u00bb, relat\u00f3.<\/span><\/p>\n<p><span style=\"line-height: 1.3em;\">Luego, la vicejefa de Gobierno porte\u00f1o critic\u00f3: \u00abEstamos sufriendo por la improvisaci\u00f3n y las consecuencias de no estar cerca de la gente\u00bb. \u00abA veces, quienes nos gobiernan prefieren enfocarse en las obras que se muestran m\u00e1s y olvidan las necesidades de aquellos \u00a0que no tienen ni siquiera cloacas\u00bb, indic\u00f3.<\/span><span style=\"line-height: 1.3em;\">Acto seguido, Vidal agreg\u00f3: \u00abTenemos distintas realidades en esta zona: por un lado, est\u00e1 la gente que no tiene acceso al agua potable en su hogar y, por otro lado, los peque\u00f1os y medianos empresarios que no encuentran el apoyo del Estado\u00bb. \u00abEn un municipio como este tiene, hay muchas cosas m\u00e1s que se pueden hacer para que todos vivan mejor\u00bb, asegur\u00f3.<\/span><span style=\"line-height: 1.3em;\">Por otro lado, el diputado nacional de Uni\u00f3n PRO afirm\u00f3 que en su espacio los une \u00ablas ganas de ayudar a la gente\u00bb: \u00abEn el PRO, hay mucha gente como yo que nos animamos a participar para cambiar la realidad, hartos de bajar la cabeza cada vez que no cumplen lo que nos prometen\u00bb. <\/span><span style=\"line-height: 1.3em;\">Despu\u00e9s, sobre Mar\u00eda Eugenia Vidal, Del Sel indic\u00f3 que \u00abes el cambio que necesitan los bonaerenses\u00bb. \u00abVa a poder transmitirles esa misma paz y vocaci\u00f3n por trabajar que en la Ciudad de Buenos Aires\u00bb, continu\u00f3, \u00abtodo lo que viene haciendo all\u00e1 con Mauricio es impresionante y, por eso, quise acompa\u00f1arla en sus recorridas y armado de equipo por la provincia de Buenos Aires\u00bb.<\/span><\/p>\n","protected":false},"excerpt":{"rendered":"<p>La referente bonaerense de PRO, Mar\u00eda Eugenia Vidal, y el diputado nacional por Santa Fe, Miguel Del Sel, estuvieron esta ma\u00f1ana en el barrio de Las Quintas en Santa Teresita y, despu\u00e9s, viajaron a San Clemente del Tuy\u00fa acompa\u00f1ados por concejales locales.All\u00ed, los dirigentes afirmaron: \u00abHace a\u00f1os que la Provincia de Buenos Aires la gobiernan [&hellip;]<\/p>\n","protected":false},"author":2,"featured_media":22250,"comment_status":"open","ping_status":"open","sticky":false,"template":"","format":"standard","meta":{"_et_pb_use_builder":"","_et_pb_old_content":"","_et_gb_content_width":"","footnotes":""},"categories":[11,44],"tags":[],"class_list":["post-22249","post","type-post","status-publish","format-standard","has-post-thumbnail","hentry","category-ciudad","category-funcionarios-de-la-caba"],"_links":{"self":[{"href":"https:\/\/vocesdebaires.com.ar\/index.php\/wp-json\/wp\/v2\/posts\/22249"}],"collection":[{"href":"https:\/\/vocesdebaires.com.ar\/index.php\/wp-json\/wp\/v2\/posts"}],"about":[{"href":"https:\/\/vocesdebaires.com.ar\/index.php\/wp-json\/wp\/v2\/types\/post"}],"author":[{"embeddable":true,"href":"https:\/\/vocesdebaires.com.ar\/index.php\/wp-json\/wp\/v2\/users\/2"}],"replies":[{"embeddable":true,"href":"https:\/\/vocesdebaires.com.ar\/index.php\/wp-json\/wp\/v2\/comments?post=22249"}],"version-history":[{"count":0,"href":"https:\/\/vocesdebaires.com.ar\/index.php\/wp-json\/wp\/v2\/posts\/22249\/revisions"}],"wp:featuredmedia":[{"embeddable":true,"href":"https:\/\/vocesdebaires.com.ar\/index.php\/wp-json\/wp\/v2\/media\/22250"}],"wp:attachment":[{"href":"https:\/\/vocesdebaires.com.ar\/index.php\/wp-json\/wp\/v2\/media?parent=22249"}],"wp:term":[{"taxonomy":"category","embeddable":true,"href":"https:\/\/vocesdebaires.com.ar\/index.php\/wp-json\/wp\/v2\/categories?post=22249"},{"taxonomy":"post_tag","embeddable":true,"href":"https:\/\/vocesdebaires.com.ar\/index.php\/wp-json\/wp\/v2\/tags?post=22249"}],"curies":[{"name":"wp","href":"https:\/\/api.w.org\/{rel}","templated":true}]}}