{"id":22285,"date":"2014-01-31T14:11:08","date_gmt":"2014-01-31T17:11:08","guid":{"rendered":"http:\/\/vocesdebaires.com.ar\/wordpress\/index.php\/2014\/01\/31\/vidal-trabaja-para-que-el-pro-gobierne-en-la-provincia\/"},"modified":"2014-01-31T14:11:08","modified_gmt":"2014-01-31T17:11:08","slug":"vidal-trabaja-para-que-el-pro-gobierne-en-la-provincia","status":"publish","type":"post","link":"https:\/\/vocesdebaires.com.ar\/index.php\/2014\/01\/31\/vidal-trabaja-para-que-el-pro-gobierne-en-la-provincia\/","title":{"rendered":"Vidal : Trabaja  para que el PRO gobierne en la Provincia"},"content":{"rendered":"<p><span style=\"line-height: 1.3em;\">La dirigente bonaerense del PRO, Mar\u00eda Eugenia Vidal, asegur\u00f3 esta ma\u00f1ana que despu\u00e9s de haber gobernado la ciudad, su partido est\u00e1 trabajando para darse \u201cla oportunidad de ir por el resto del pa\u00eds\u201d. \u201cEstoy lanzada a trabajar para que el PRO tenga un equipo que pueda gobernar la Provincia en 2015\u201d, enfatiz\u00f3 Vidal.<\/span><span style=\"line-height: 1.3em;\">La vicejefa de gobierno porte\u00f1o se mostr\u00f3 confiada, a su vez, en que el PRO lograr\u00e1 sumar a intendentes bonaerenses en la construcci\u00f3n de poder que ya comenzaron a configurar de cara a las elecciones de 2015, en las que se disputar\u00e1 la gobernaci\u00f3n de la provincia. \u201cAnte el desaf\u00edo nacional en el cual Mauricio Macri es candidato a presidente, se necesita tener buenos candidatos en los 135 distritos de la provincia,\u201d declar\u00f3 Vidal.<\/span><\/p>\n<p>\u201cParte de esta construcci\u00f3n de poder es que buenos intendentes de la provincia de Buenos Aires quieran sumarse. Hemos dialogado con muchos. Y vamos a seguir dialogando con todos\u201d, sostuvo la funcionaria porte\u00f1a. \u201cEn la medida que el PRO se vaya consolidando, eso va a hacer que muchos, repitiendo la historia de la ciudad, se sumen como se han sumado muchos buenos peronistas y radicales en la ciudad de Buenos Aires.\u201d<span style=\"line-height: 1.3em;\">Vidal formul\u00f3 estas declaraciones esta ma\u00f1ana a Radio Continental despu\u00e9s de haber recorrido ayer, junto con Mauricio Macri y Jorge Macri, el partido de Almirante Brown, donde estuvieron reunidos con un grupo de vecinos y visitaron un hogar para ni\u00f1os.<\/span><\/p>\n<p>\u00abLA REALIDAD MARCA EL AGOTAMIENTO DE UN MODELO\u00bb<\/p>\n<p>En otra trama de la entrevista radial, la vicejefa porte\u00f1a critic\u00f3 el acuerdo de precios lanzado por el Gobierno Nacional y se refiri\u00f3 al \u201cagotamiento de un modelo econ\u00f3mico y pol\u00edtico.\u201d \u00a0<span style=\"line-height: 1.3em;\">\u201cHay una realidad que no se puede negar que la realidad de todos los d\u00edas y que marca el agotamiento no solo de un modelo econ\u00f3mico, sino de un relato, de un modelo pol\u00edtico y de una manera de hacer pol\u00edtica, y adem\u00e1s con una enorme incapacidad de gesti\u00f3n\u201c, critic\u00f3 Vidal.<\/span><span style=\"line-height: 1.3em;\">\u201cVolver a decir a los argentinos que el acuerdo de precios con los sectores es lo que va a evitar la inflaci\u00f3n, no s\u00f3lo es no reconocer el fracaso de esta pol\u00edtica en la historia de nuestro pa\u00eds, sino de este mismo gobierno. Esta es la receta de Moreno. Esta receta ya la vimos y ya fracas\u00f3. \u00bfPor qu\u00e9 ahora va a funcionar?\u201d, se interrog\u00f3 la vicejefa y agreg\u00f3 a continuaci\u00f3n: \u201cMauricio Macri es hoy quien tiene el mejor equipo econ\u00f3mico del pa\u00eds. Nosotros estamos para que nos convoquen a dialogar y para ayudar\u201d, concluy\u00f3 Vidal.<\/span><\/p>\n","protected":false},"excerpt":{"rendered":"<p>La dirigente bonaerense del PRO, Mar\u00eda Eugenia Vidal, asegur\u00f3 esta ma\u00f1ana que despu\u00e9s de haber gobernado la ciudad, su partido est\u00e1 trabajando para darse \u201cla oportunidad de ir por el resto del pa\u00eds\u201d. \u201cEstoy lanzada a trabajar para que el PRO tenga un equipo que pueda gobernar la Provincia en 2015\u201d, enfatiz\u00f3 Vidal.La vicejefa de [&hellip;]<\/p>\n","protected":false},"author":2,"featured_media":22286,"comment_status":"open","ping_status":"open","sticky":false,"template":"","format":"standard","meta":{"_et_pb_use_builder":"","_et_pb_old_content":"","_et_gb_content_width":"","footnotes":""},"categories":[11,44],"tags":[],"class_list":["post-22285","post","type-post","status-publish","format-standard","has-post-thumbnail","hentry","category-ciudad","category-funcionarios-de-la-caba"],"_links":{"self":[{"href":"https:\/\/vocesdebaires.com.ar\/index.php\/wp-json\/wp\/v2\/posts\/22285"}],"collection":[{"href":"https:\/\/vocesdebaires.com.ar\/index.php\/wp-json\/wp\/v2\/posts"}],"about":[{"href":"https:\/\/vocesdebaires.com.ar\/index.php\/wp-json\/wp\/v2\/types\/post"}],"author":[{"embeddable":true,"href":"https:\/\/vocesdebaires.com.ar\/index.php\/wp-json\/wp\/v2\/users\/2"}],"replies":[{"embeddable":true,"href":"https:\/\/vocesdebaires.com.ar\/index.php\/wp-json\/wp\/v2\/comments?post=22285"}],"version-history":[{"count":0,"href":"https:\/\/vocesdebaires.com.ar\/index.php\/wp-json\/wp\/v2\/posts\/22285\/revisions"}],"wp:featuredmedia":[{"embeddable":true,"href":"https:\/\/vocesdebaires.com.ar\/index.php\/wp-json\/wp\/v2\/media\/22286"}],"wp:attachment":[{"href":"https:\/\/vocesdebaires.com.ar\/index.php\/wp-json\/wp\/v2\/media?parent=22285"}],"wp:term":[{"taxonomy":"category","embeddable":true,"href":"https:\/\/vocesdebaires.com.ar\/index.php\/wp-json\/wp\/v2\/categories?post=22285"},{"taxonomy":"post_tag","embeddable":true,"href":"https:\/\/vocesdebaires.com.ar\/index.php\/wp-json\/wp\/v2\/tags?post=22285"}],"curies":[{"name":"wp","href":"https:\/\/api.w.org\/{rel}","templated":true}]}}