{"id":22303,"date":"2014-02-03T14:20:57","date_gmt":"2014-02-03T17:20:57","guid":{"rendered":"http:\/\/vocesdebaires.com.ar\/wordpress\/index.php\/2014\/02\/03\/macri-analizo-el-problema-del-narcotrafico\/"},"modified":"2014-02-03T14:20:57","modified_gmt":"2014-02-03T17:20:57","slug":"macri-analizo-el-problema-del-narcotrafico","status":"publish","type":"post","link":"https:\/\/vocesdebaires.com.ar\/index.php\/2014\/02\/03\/macri-analizo-el-problema-del-narcotrafico\/","title":{"rendered":"Macri analiz\u00f3  el problema del narcotr\u00e1fico"},"content":{"rendered":"<p><span style=\"line-height: 1.3em;\"> El jefe de Gobierno de la Ciudad de Buenos Aires, Mauricio Macri, encabez\u00f3 hoy una reuni\u00f3n con ministros, parlamentarios de PRO y especialistas en seguridad sobre el problema del narcotr\u00e1fico en el pa\u00eds y coincidieron en que el Estado Nacional debe adoptar acciones con rapidez para evitar que ese flagelo llegue a un nivel dif\u00edcil de controlar.<\/span><span style=\"line-height: 1.3em;\">Macri sostuvo que uno de los ejes centrales reconocer a ciudadanos de otros pa\u00edses que se instalan en la Argentina con fines delictivos.<\/span><span style=\"line-height: 1.3em;\"> La reuni\u00f3n se realiz\u00f3 en el Sal\u00f3n Blanco del Palacio Municipal y es la primera de una serie de encuentros que los diputados y senadores nacionales de PRO y aliados realizar\u00e1n en varias provincias para analizar las diferentes problem\u00e1ticas y avanzar en soluciones sustentables en cada uno de los distritos del pa\u00eds.<\/span><\/p>\n<p>La pr\u00f3xima se realizar\u00e1 en la provincia de Santa Fe donde se reunir\u00e1n con otros parlamentarios y especialistas.<span style=\"line-height: 1.3em;\">Estuvieron la vicejefe de Gobierno, Mar\u00eda Eugenia Vidal; los ministros de Justicia y Seguridad, Guillermo Montenegro, y de Desarrollo Econ\u00f3mico, Francisco Cabrera; los diputados Patricia Bullrich, Laura Alonso, Cornelia Schmidt Liermann; Gladys Gonz\u00e1lez, Silvia Majdalani, Carlos Mac Allister, Miguel del Sel y Guillermo Durand Cornejo y el jefe de la Polic\u00eda Metropolitana, Horacio Gim\u00e9nez, entre otros.<\/span><span style=\"line-height: 1.3em;\"> El ex jefe de la Polic\u00eda Metropolitana y experto en seguridad, Eugenio \u00a0Burzaco fue invitado a exponer sobre el accionar del narcotr\u00e1fico en la Argentina y se\u00f1al\u00f3 que en la \u00faltima d\u00e9cada se incrementaron todos los \u00edndices vinculados con ese delito, desde la cantidad de asesinatos, pasando por la instalaci\u00f3n de laboratorios hasta el consumo local.<\/span><\/p>\n<p><span style=\"line-height: 1.3em;\"> Tambi\u00e9n hizo hincapi\u00e9 en la falta de radarizaci\u00f3n de fronteras y la sensible disminuci\u00f3n de personal de Gendarmer\u00eda, factores que terminan siendo un incentivo para el ingreso de la droga. \u00a0\u201cNuestras fronteras son un colador\u201d, sentenci\u00f3 Burzaco.<\/span><span style=\"line-height: 1.3em;\">Alert\u00f3 sobre el \u201cvaciamiento\u201d de la Secretar\u00eda de Programaci\u00f3n para la Prevenci\u00f3n de la Drogadicci\u00f3n y la Lucha contra el Narcotr\u00e1fico (SEDRONAR), la menor cooperaci\u00f3n internacional que recibe el pa\u00eds y el grave nivel de desprotecci\u00f3n que padecen los j\u00f3venes en situaci\u00f3n de vulnerabilidad.<\/span><span style=\"line-height: 1.3em;\"> El ex Jefe de la Metropolitana se\u00f1al\u00f3 que de los tres niveles de inserci\u00f3n del narcotr\u00e1fico, la Argentina est\u00e1 en el nivel 2 con riesgo cierto de pasar al 3 que involucran a pa\u00edses como M\u00e9xico.<\/span><span style=\"line-height: 1.3em;\"> Plante\u00f3 que se necesita la aplicaci\u00f3n de una \u201cpol\u00edtica integral\u201d que implica reformular el sistema de seguridad interior, incrementar sustancialmente los recursos para la lucha contra el flagelo, modernizaci\u00f3n de la log\u00edstica, intensificar la prevenci\u00f3n social, potenciar el CEDRONAR y mayor control de fronteras.<\/span><span style=\"line-height: 1.3em;\"> Montenegro afirm\u00f3 que se requiere \u201cla firme decisi\u00f3n pol\u00edtica\u201d para tomar por las astas el problema y derivar mayores recursos porque \u201cla posibilidad de que Argentina pase al nivel 3 es clara porque vamos en ese camino\u201d.<\/span><span style=\"line-height: 1.3em;\"> \u201cHay que ganarle al narcotr\u00e1fico desde la legalidad y eso implica el acompa\u00f1amiento legislativo\u201d, afirm\u00f3.<\/span><\/p>\n","protected":false},"excerpt":{"rendered":"<p>El jefe de Gobierno de la Ciudad de Buenos Aires, Mauricio Macri, encabez\u00f3 hoy una reuni\u00f3n con ministros, parlamentarios de PRO y especialistas en seguridad sobre el problema del narcotr\u00e1fico en el pa\u00eds y coincidieron en que el Estado Nacional debe adoptar acciones con rapidez para evitar que ese flagelo llegue a un nivel dif\u00edcil [&hellip;]<\/p>\n","protected":false},"author":2,"featured_media":18560,"comment_status":"open","ping_status":"open","sticky":false,"template":"","format":"standard","meta":{"_et_pb_use_builder":"","_et_pb_old_content":"","_et_gb_content_width":"","footnotes":""},"categories":[11,44],"tags":[],"class_list":["post-22303","post","type-post","status-publish","format-standard","has-post-thumbnail","hentry","category-ciudad","category-funcionarios-de-la-caba"],"_links":{"self":[{"href":"https:\/\/vocesdebaires.com.ar\/index.php\/wp-json\/wp\/v2\/posts\/22303"}],"collection":[{"href":"https:\/\/vocesdebaires.com.ar\/index.php\/wp-json\/wp\/v2\/posts"}],"about":[{"href":"https:\/\/vocesdebaires.com.ar\/index.php\/wp-json\/wp\/v2\/types\/post"}],"author":[{"embeddable":true,"href":"https:\/\/vocesdebaires.com.ar\/index.php\/wp-json\/wp\/v2\/users\/2"}],"replies":[{"embeddable":true,"href":"https:\/\/vocesdebaires.com.ar\/index.php\/wp-json\/wp\/v2\/comments?post=22303"}],"version-history":[{"count":0,"href":"https:\/\/vocesdebaires.com.ar\/index.php\/wp-json\/wp\/v2\/posts\/22303\/revisions"}],"wp:featuredmedia":[{"embeddable":true,"href":"https:\/\/vocesdebaires.com.ar\/index.php\/wp-json\/wp\/v2\/media\/18560"}],"wp:attachment":[{"href":"https:\/\/vocesdebaires.com.ar\/index.php\/wp-json\/wp\/v2\/media?parent=22303"}],"wp:term":[{"taxonomy":"category","embeddable":true,"href":"https:\/\/vocesdebaires.com.ar\/index.php\/wp-json\/wp\/v2\/categories?post=22303"},{"taxonomy":"post_tag","embeddable":true,"href":"https:\/\/vocesdebaires.com.ar\/index.php\/wp-json\/wp\/v2\/tags?post=22303"}],"curies":[{"name":"wp","href":"https:\/\/api.w.org\/{rel}","templated":true}]}}