{"id":22304,"date":"2014-02-03T14:29:44","date_gmt":"2014-02-03T17:29:44","guid":{"rendered":"http:\/\/vocesdebaires.com.ar\/wordpress\/index.php\/2014\/02\/03\/la-diputada-herrero-opino-sobre-la-actualidad-del-pais\/"},"modified":"2014-02-03T14:29:44","modified_gmt":"2014-02-03T17:29:44","slug":"la-diputada-herrero-opino-sobre-la-actualidad-del-pais","status":"publish","type":"post","link":"https:\/\/vocesdebaires.com.ar\/index.php\/2014\/02\/03\/la-diputada-herrero-opino-sobre-la-actualidad-del-pais\/","title":{"rendered":"La diputada Herrero opin\u00f3 sobre la actualidad del Pa\u00eds"},"content":{"rendered":"<p><span style=\"line-height: 1.3em;\">Ya en marcha el a\u00f1o 2014, la diputada del PRO, radical Macrista, Raquel Herrero critic\u00f3 al Gobierno Nacional y opin\u00f3 sobre los diferentes temas de actualidad que preocupan y ocupan a los argentinos.<\/span><span style=\"line-height: 1.3em;\">\u201cNo puedo creer que desde el Gobierno Nacional sigan negando la realidad de una inflaci\u00f3n que nos est\u00e1 devorando. A mi entender esto es grav\u00edsimo, no quieren reconocer que este modelo se agot\u00f3, que s\u00f3lo ellos hablan de una d\u00e9cada ganada, que la gente ya dijo basta, que cada vez m\u00e1s se pierde la libertad de prensa, que todo es autoritarismo y que evidentemente \u00a0no hay un equipo que trabaje en busca de di\u00e1logo y consensos en pos del Bien Com\u00fan\u00bb, fueron las duras palabras de la Diputada Raquel Herrero.<\/span><\/p>\n<p><span style=\"line-height: 1.3em;\">En este contexto, la legisladora del Pro afirm\u00f3: \u201cEsta forma de hacer pol\u00edtica lleg\u00f3 a su fin, la Argentina merece crecer, abrirse al mundo, volver a generar confianza. La realidad nos muestra que no podemos seguir resignados a vivir en la incertidumbre, en la inseguridad en todos los aspectos y \u00a0en la mentira permanente de promesas incumplidas. Estoy convencida que el pa\u00eds necesita gesti\u00f3n, necesita pol\u00edticas p\u00fablicas a largo plazo, reglas claras que atraigan inversiones, fuimos el granero del mundo, \u00a0y hoy, \u00bfqu\u00e9 somos?\u201d.<\/span><\/p>\n<p><span style=\"line-height: 1.3em;\">A su vez, Raquel Herrero remarc\u00f3 el trabajo que se est\u00e1 llevando en la Ciudad de Buenos Aires. \u201cEn la Ciudad de Buenos Aires se hizo una verdadera transformaci\u00f3n, administrando responsablemente los recursos, trabajando en equipo, es maravilloso ver la inversi\u00f3n y el trabajo realizado en la Ciudad. S\u00f3lo por nombrar algo, la revoluci\u00f3n que signific\u00f3 el Metrobus, el equipamiento en hospitales, \u00a0la creaci\u00f3n de la Polic\u00eda Metropolitana, el embellecimiento del espacio p\u00fablico, son algunos ejemplos que lo sustentan\u201d.<\/span><\/p>\n<p><span style=\"line-height: 1.3em;\">Para finalizar, la Diputada del Pro Raquel Herrero dijo: \u201cYo reitero mi orgullo y compromiso de ser parte del Pro, \u00a0liderado por el Jefe de Gobierno, Mauricio Macri. No tengo dudas que la Argentina necesita de pol\u00edticos en quien confiar, con valores que hay que recuperar, con ganas de hacer m\u00e1s que decir, con la convicci\u00f3n de que se puede trabajar en equipo, respetando las diferencias y privilegiando al ciudadano que quiere poder confiar en sus gobernantes. Por este camino vamos, seguiremos trabajando en el 2014, como siempre profundizando el di\u00e1logo, respetando la divisi\u00f3n de poderes, construyendo espacios de consenso y por supuesto prepar\u00e1ndonos todos como equipo para el 2015, que ser\u00e1 sin duda, el principio de una nueva esperanza para cambiar la realidad que hoy vive nuestro pa\u00eds\u201d.<\/span><\/p>\n","protected":false},"excerpt":{"rendered":"<p>Ya en marcha el a\u00f1o 2014, la diputada del PRO, radical Macrista, Raquel Herrero critic\u00f3 al Gobierno Nacional y opin\u00f3 sobre los diferentes temas de actualidad que preocupan y ocupan a los argentinos.\u201cNo puedo creer que desde el Gobierno Nacional sigan negando la realidad de una inflaci\u00f3n que nos est\u00e1 devorando. A mi entender esto [&hellip;]<\/p>\n","protected":false},"author":2,"featured_media":16547,"comment_status":"open","ping_status":"open","sticky":false,"template":"","format":"standard","meta":{"_et_pb_use_builder":"","_et_pb_old_content":"","_et_gb_content_width":"","footnotes":""},"categories":[11,44],"tags":[],"class_list":["post-22304","post","type-post","status-publish","format-standard","has-post-thumbnail","hentry","category-ciudad","category-funcionarios-de-la-caba"],"_links":{"self":[{"href":"https:\/\/vocesdebaires.com.ar\/index.php\/wp-json\/wp\/v2\/posts\/22304"}],"collection":[{"href":"https:\/\/vocesdebaires.com.ar\/index.php\/wp-json\/wp\/v2\/posts"}],"about":[{"href":"https:\/\/vocesdebaires.com.ar\/index.php\/wp-json\/wp\/v2\/types\/post"}],"author":[{"embeddable":true,"href":"https:\/\/vocesdebaires.com.ar\/index.php\/wp-json\/wp\/v2\/users\/2"}],"replies":[{"embeddable":true,"href":"https:\/\/vocesdebaires.com.ar\/index.php\/wp-json\/wp\/v2\/comments?post=22304"}],"version-history":[{"count":0,"href":"https:\/\/vocesdebaires.com.ar\/index.php\/wp-json\/wp\/v2\/posts\/22304\/revisions"}],"wp:featuredmedia":[{"embeddable":true,"href":"https:\/\/vocesdebaires.com.ar\/index.php\/wp-json\/wp\/v2\/media\/16547"}],"wp:attachment":[{"href":"https:\/\/vocesdebaires.com.ar\/index.php\/wp-json\/wp\/v2\/media?parent=22304"}],"wp:term":[{"taxonomy":"category","embeddable":true,"href":"https:\/\/vocesdebaires.com.ar\/index.php\/wp-json\/wp\/v2\/categories?post=22304"},{"taxonomy":"post_tag","embeddable":true,"href":"https:\/\/vocesdebaires.com.ar\/index.php\/wp-json\/wp\/v2\/tags?post=22304"}],"curies":[{"name":"wp","href":"https:\/\/api.w.org\/{rel}","templated":true}]}}