{"id":22313,"date":"2014-02-04T13:04:32","date_gmt":"2014-02-04T16:04:32","guid":{"rendered":"http:\/\/vocesdebaires.com.ar\/wordpress\/index.php\/2014\/02\/04\/bullrich-reconocio-que-hay-7-mil-chicos-sin-vacantes\/"},"modified":"2014-02-04T13:04:32","modified_gmt":"2014-02-04T16:04:32","slug":"bullrich-reconocio-que-hay-7-mil-chicos-sin-vacantes","status":"publish","type":"post","link":"https:\/\/vocesdebaires.com.ar\/index.php\/2014\/02\/04\/bullrich-reconocio-que-hay-7-mil-chicos-sin-vacantes\/","title":{"rendered":"Bullrich reconoci\u00f3 que hay 7 mil chicos sin vacantes"},"content":{"rendered":"<p><span style=\"line-height: 1.3em;\">Tras las duras cr\u00edticas de familias, docentes y legisladores, el ministro de Educaci\u00f3n de la Ciudad, Esteban Bullrich, reconoci\u00f3 que 11 mil chicos no tienen vacante para iniciar el ciclo lectivo, 4 mil de ellos por errores \u201cen la validaci\u00f3n de la informaci\u00f3n\u201d del sistema de inscripci\u00f3n online que debut\u00f3 este a\u00f1o.<\/span><\/p>\n<p><span style=\"line-height: 1.3em;\">A tres semanas del inicio de las clases, Bullrich recibi\u00f3 a una veintena de legisladores porte\u00f1os que solicitaron informaci\u00f3n. All\u00ed ofreci\u00f3 disculpas porque 4 mil estudiantes de los niveles primario y secundario a\u00fan no tienen lugar en escuelas p\u00fablicas por fallas en la inscripci\u00f3n web. Se comprometi\u00f3 a relocalizarlos en establecimientos donde a\u00fan quedan espacios disponibles, aunque la queja de los padres tiene que ver con que enviar\u00e1n a sus hijos a colegios que ellos no eligieron y, en algunos casos, lejos de sus casas. Con respecto a los otro 7 mil, son ni\u00f1os de nivel inicial que no tienen ni tendr\u00e1n vacantes por falta de escuelas. Lo que hizo el nuevo sistema online fue visibilizar la problem\u00e1tica.<\/span><\/p>\n<p><span style=\"line-height: 1.3em;\">Seg\u00fan la Constituci\u00f3n porte\u00f1a, \u201cla Ciudad asume la responsabilidad indelegable de asegurar y financiar la educaci\u00f3n p\u00fablica en todos los niveles y modalidades, a partir de los 45 d\u00edas de vida hasta el nivel superior, con car\u00e1cter obligatorio desde el preescolar (&#8230;)\u201d. En ese sentido, el ministro Bullrich se\u00f1al\u00f3 que la totalidad de los alumnos de 4 y 5 a\u00f1os del nivel inicial, los de la primaria y de la secundaria \u201ctienen aseguradas sus vacantes\u201d, al igual que \u201cel 85 por ciento\u201d de los ni\u00f1os de hasta 3 a\u00f1os: \u201cEn 2007, cuando asumimos la gesti\u00f3n, hab\u00eda 45.956, este a\u00f1o hay 55.607 vacantes asignadas en educaci\u00f3n inicial. Esto es un crecimiento del 20%\u201d.<\/span><span style=\"line-height: 1.3em;\">El legislador porte\u00f1o de Izquierda Popular, Pablo Ferreyra, sostuvo que Bullrich, \u201caun habiendo admitido los tremendos errores de la inscripci\u00f3n online, no da la cara frente a los damnificados directos\u201d.<\/span><\/p>\n","protected":false},"excerpt":{"rendered":"<p>Tras las duras cr\u00edticas de familias, docentes y legisladores, el ministro de Educaci\u00f3n de la Ciudad, Esteban Bullrich, reconoci\u00f3 que 11 mil chicos no tienen vacante para iniciar el ciclo lectivo, 4 mil de ellos por errores \u201cen la validaci\u00f3n de la informaci\u00f3n\u201d del sistema de inscripci\u00f3n online que debut\u00f3 este a\u00f1o. A tres semanas [&hellip;]<\/p>\n","protected":false},"author":2,"featured_media":18983,"comment_status":"open","ping_status":"open","sticky":false,"template":"","format":"standard","meta":{"_et_pb_use_builder":"","_et_pb_old_content":"","_et_gb_content_width":"","footnotes":""},"categories":[11,44],"tags":[],"class_list":["post-22313","post","type-post","status-publish","format-standard","has-post-thumbnail","hentry","category-ciudad","category-funcionarios-de-la-caba"],"_links":{"self":[{"href":"https:\/\/vocesdebaires.com.ar\/index.php\/wp-json\/wp\/v2\/posts\/22313"}],"collection":[{"href":"https:\/\/vocesdebaires.com.ar\/index.php\/wp-json\/wp\/v2\/posts"}],"about":[{"href":"https:\/\/vocesdebaires.com.ar\/index.php\/wp-json\/wp\/v2\/types\/post"}],"author":[{"embeddable":true,"href":"https:\/\/vocesdebaires.com.ar\/index.php\/wp-json\/wp\/v2\/users\/2"}],"replies":[{"embeddable":true,"href":"https:\/\/vocesdebaires.com.ar\/index.php\/wp-json\/wp\/v2\/comments?post=22313"}],"version-history":[{"count":0,"href":"https:\/\/vocesdebaires.com.ar\/index.php\/wp-json\/wp\/v2\/posts\/22313\/revisions"}],"wp:featuredmedia":[{"embeddable":true,"href":"https:\/\/vocesdebaires.com.ar\/index.php\/wp-json\/wp\/v2\/media\/18983"}],"wp:attachment":[{"href":"https:\/\/vocesdebaires.com.ar\/index.php\/wp-json\/wp\/v2\/media?parent=22313"}],"wp:term":[{"taxonomy":"category","embeddable":true,"href":"https:\/\/vocesdebaires.com.ar\/index.php\/wp-json\/wp\/v2\/categories?post=22313"},{"taxonomy":"post_tag","embeddable":true,"href":"https:\/\/vocesdebaires.com.ar\/index.php\/wp-json\/wp\/v2\/tags?post=22313"}],"curies":[{"name":"wp","href":"https:\/\/api.w.org\/{rel}","templated":true}]}}