{"id":22339,"date":"2014-02-06T13:59:16","date_gmt":"2014-02-06T16:59:16","guid":{"rendered":"http:\/\/vocesdebaires.com.ar\/wordpress\/index.php\/2014\/02\/06\/la-politica-de-la-casualidad-permanente-se-paga-con-muertos\/"},"modified":"2014-02-06T13:59:16","modified_gmt":"2014-02-06T16:59:16","slug":"la-politica-de-la-casualidad-permanente-se-paga-con-muertos","status":"publish","type":"post","link":"https:\/\/vocesdebaires.com.ar\/index.php\/2014\/02\/06\/la-politica-de-la-casualidad-permanente-se-paga-con-muertos\/","title":{"rendered":"La pol\u00edtica de la \u00abcasualidad permanente\u00bb se paga con muertos"},"content":{"rendered":"<p><span style=\"line-height: 1.3em;\">El legislador \u00a0Pablo Bergel del Bloque Verde Alameda expres\u00f3 su profundo pesar por las muertes de los bomberos y miembros de la guardia civil en el incendio de Barracas: \u201cAnte todo, nuestra solidaridad con el dolor de los familiares y compa\u00f1eros de los muertos y heridos y nuestra adhesi\u00f3n al luto decretado a nivel nacional. Es inadmisible que un accidente se convierta en una tragedia, en especial teniendo en cuenta que sucedi\u00f3 a metros de la sede del Ministerio de Seguridad de la Ciudad. Lo ocurrido en este caso, as\u00ed como con las inundaciones, los choques de trenes, los cortes de energ\u00eda, por no remontarnos a Croma\u00f1\u00f3n y otros desastres que se presentan como \u201cla casualidad permanente\u201d ocultan \u00a0las verdaderas causas, que son pol\u00edticas: la evidente incapacidad del Gobierno de la Ciudad para aplicar seriamente el Plan Director de Emergencias que debe actuar sobre 21 escenarios de amenazas\u201d. En este sentido agreg\u00f3 que \u201clos muertos que se han cobrado las \u00faltimas inundaciones, olas de calor y este incendio tienen un denominador com\u00fan: la frivolidad y el desinter\u00e9s por lo p\u00fablico, el bien com\u00fan y la vida\u201d.<\/span><\/p>\n<p><span style=\"line-height: 1.3em;\">Bergel comunic\u00f3 que presentar\u00e1 un pedido de informes pidiendo explicaciones al Poder Ejecutivo: \u201cqueremos saber si el equipo t\u00e9cnico hizo la correspondiente inspecci\u00f3n previa de la zona por peligros de derrumbes, antes de tomarse la decisi\u00f3n de arriesgar al personal, \u00a0actu\u00f3 tal como indica el Plan Operativo de la Guardia de Auxilio y Emergencias en estos casos. As\u00ed como tambi\u00e9n que informe que habilitaciones ten\u00eda ese dep\u00f3sito, y cual fue la \u00faltima inspecci\u00f3n que hubo\u201d.<\/span><span style=\"line-height: 1.3em;\">Mientras los miembros de la guardia civil reclamaban la necesidad de protocolos de actuaci\u00f3n m\u00e1s claros y mejores, el Ministro de Seguridad Montenegro, en funciones desde 2007, reci\u00e9n en noviembre de 2013 dict\u00f3 una resoluci\u00f3n para la creaci\u00f3n de cursos de formaci\u00f3n sobre protocolos de emergencias de la ciudad.<\/span><\/p>\n","protected":false},"excerpt":{"rendered":"<p>El legislador \u00a0Pablo Bergel del Bloque Verde Alameda expres\u00f3 su profundo pesar por las muertes de los bomberos y miembros de la guardia civil en el incendio de Barracas: \u201cAnte todo, nuestra solidaridad con el dolor de los familiares y compa\u00f1eros de los muertos y heridos y nuestra adhesi\u00f3n al luto decretado a nivel nacional. [&hellip;]<\/p>\n","protected":false},"author":2,"featured_media":22340,"comment_status":"open","ping_status":"open","sticky":false,"template":"","format":"standard","meta":{"_et_pb_use_builder":"","_et_pb_old_content":"","_et_gb_content_width":"","footnotes":""},"categories":[11,44],"tags":[],"class_list":["post-22339","post","type-post","status-publish","format-standard","has-post-thumbnail","hentry","category-ciudad","category-funcionarios-de-la-caba"],"_links":{"self":[{"href":"https:\/\/vocesdebaires.com.ar\/index.php\/wp-json\/wp\/v2\/posts\/22339"}],"collection":[{"href":"https:\/\/vocesdebaires.com.ar\/index.php\/wp-json\/wp\/v2\/posts"}],"about":[{"href":"https:\/\/vocesdebaires.com.ar\/index.php\/wp-json\/wp\/v2\/types\/post"}],"author":[{"embeddable":true,"href":"https:\/\/vocesdebaires.com.ar\/index.php\/wp-json\/wp\/v2\/users\/2"}],"replies":[{"embeddable":true,"href":"https:\/\/vocesdebaires.com.ar\/index.php\/wp-json\/wp\/v2\/comments?post=22339"}],"version-history":[{"count":0,"href":"https:\/\/vocesdebaires.com.ar\/index.php\/wp-json\/wp\/v2\/posts\/22339\/revisions"}],"wp:featuredmedia":[{"embeddable":true,"href":"https:\/\/vocesdebaires.com.ar\/index.php\/wp-json\/wp\/v2\/media\/22340"}],"wp:attachment":[{"href":"https:\/\/vocesdebaires.com.ar\/index.php\/wp-json\/wp\/v2\/media?parent=22339"}],"wp:term":[{"taxonomy":"category","embeddable":true,"href":"https:\/\/vocesdebaires.com.ar\/index.php\/wp-json\/wp\/v2\/categories?post=22339"},{"taxonomy":"post_tag","embeddable":true,"href":"https:\/\/vocesdebaires.com.ar\/index.php\/wp-json\/wp\/v2\/tags?post=22339"}],"curies":[{"name":"wp","href":"https:\/\/api.w.org\/{rel}","templated":true}]}}