{"id":22372,"date":"2014-02-07T14:21:30","date_gmt":"2014-02-07T17:21:30","guid":{"rendered":"http:\/\/vocesdebaires.com.ar\/wordpress\/index.php\/2014\/02\/07\/no-llores-por-mi-argentina\/"},"modified":"2014-02-07T14:21:30","modified_gmt":"2014-02-07T17:21:30","slug":"no-llores-por-mi-argentina","status":"publish","type":"post","link":"https:\/\/vocesdebaires.com.ar\/index.php\/2014\/02\/07\/no-llores-por-mi-argentina\/","title":{"rendered":"No llores por m\u00ed, Argentina"},"content":{"rendered":"<p><span style=\"line-height: 1.3em;\">\u201cHola a todos. Desde aqu\u00ed quiero enviar un saludo muy especial a mis seguidores argentinos. Les quiero anunciar una noticia que, realmente, me llena de tristeza: no voy a poder estar en el ATP de Buenos Aires\u201d. As\u00ed comenzaba el video que Rafael Nadal subi\u00f3 a su cuenta oficial de Twitter, comunicando lo que tanto temieron en los \u00faltimos d\u00edas los fans y los organizadores del certamen porte\u00f1o, que comenzar\u00e1 el pr\u00f3ximo lunes en el Buenos Aires Lawn Tennis Club.<\/span><\/p>\n<p><span style=\"line-height: 1.3em;\">Luego, el n\u00famero uno del mundo continu\u00f3 profundizando en las razones: \u201cDesde que volv\u00ed de Australia, por la lesi\u00f3n en la espalda, no he podido entrenarme a\u00fan. Tuve la intenci\u00f3n de entrenarme a la ma\u00f1ana, pero un virus estomacal me lo impidi\u00f3 y se ha retrasado todo. Estamos a pocos d\u00edas del torneo y sin haber podido estar un s\u00f3lo d\u00eda en pista, se me hace imposible llegar con una preparaci\u00f3n adecuada para competir en un torneo tan importante y exigente como el de Buenos Aires\u201d. Y junto al video, su tuit insist\u00eda en el concepto y resum\u00eda la noticia: \u201cLamento anunciar mi retirada del torneo de B Aires. Saludo muy cari\u00f1oso a mis fans en Argentina y a los organizadores\u201d.<\/span><\/p>\n<p><span style=\"line-height: 1.3em;\">Estaba todo dicho. No obstante, m\u00e1s tarde sucedi\u00f3 una situaci\u00f3n inesperada que sembr\u00f3 dudas autom\u00e1ticamente: tanto el tuit como el video fueron eliminados de la cuenta. Igualmente, no habr\u00eda vuelta atr\u00e1s en la decisi\u00f3n del espa\u00f1ol.<\/span><span style=\"line-height: 1.3em;\">Por otra parte, desde el ATP 500 de R\u00edo de Janeiro, que se jugar\u00e1 del 17 al 23 de febrero y era la segunda estaci\u00f3n de Nadal en su gira latinoamericana, aseguraron su presencia pese a su renuncia a jugar en el torneo de tenis de Buenos Aires. \u201cEl director del torneo, Luiz Carvalho, habl\u00f3 con Carlos Costa, manager de Nadal, y sigue confirmado\u201d, dijeron a la agencia DPA voceros del certamen.<\/span><\/p>\n","protected":false},"excerpt":{"rendered":"<p>\u201cHola a todos. Desde aqu\u00ed quiero enviar un saludo muy especial a mis seguidores argentinos. Les quiero anunciar una noticia que, realmente, me llena de tristeza: no voy a poder estar en el ATP de Buenos Aires\u201d. As\u00ed comenzaba el video que Rafael Nadal subi\u00f3 a su cuenta oficial de Twitter, comunicando lo que tanto [&hellip;]<\/p>\n","protected":false},"author":2,"featured_media":22373,"comment_status":"open","ping_status":"open","sticky":false,"template":"","format":"standard","meta":{"_et_pb_use_builder":"","_et_pb_old_content":"","_et_gb_content_width":"","footnotes":""},"categories":[14,51],"tags":[],"class_list":["post-22372","post","type-post","status-publish","format-standard","has-post-thumbnail","hentry","category-deportes","category-tenis"],"_links":{"self":[{"href":"https:\/\/vocesdebaires.com.ar\/index.php\/wp-json\/wp\/v2\/posts\/22372"}],"collection":[{"href":"https:\/\/vocesdebaires.com.ar\/index.php\/wp-json\/wp\/v2\/posts"}],"about":[{"href":"https:\/\/vocesdebaires.com.ar\/index.php\/wp-json\/wp\/v2\/types\/post"}],"author":[{"embeddable":true,"href":"https:\/\/vocesdebaires.com.ar\/index.php\/wp-json\/wp\/v2\/users\/2"}],"replies":[{"embeddable":true,"href":"https:\/\/vocesdebaires.com.ar\/index.php\/wp-json\/wp\/v2\/comments?post=22372"}],"version-history":[{"count":0,"href":"https:\/\/vocesdebaires.com.ar\/index.php\/wp-json\/wp\/v2\/posts\/22372\/revisions"}],"wp:featuredmedia":[{"embeddable":true,"href":"https:\/\/vocesdebaires.com.ar\/index.php\/wp-json\/wp\/v2\/media\/22373"}],"wp:attachment":[{"href":"https:\/\/vocesdebaires.com.ar\/index.php\/wp-json\/wp\/v2\/media?parent=22372"}],"wp:term":[{"taxonomy":"category","embeddable":true,"href":"https:\/\/vocesdebaires.com.ar\/index.php\/wp-json\/wp\/v2\/categories?post=22372"},{"taxonomy":"post_tag","embeddable":true,"href":"https:\/\/vocesdebaires.com.ar\/index.php\/wp-json\/wp\/v2\/tags?post=22372"}],"curies":[{"name":"wp","href":"https:\/\/api.w.org\/{rel}","templated":true}]}}