{"id":22376,"date":"2014-02-07T14:38:35","date_gmt":"2014-02-07T17:38:35","guid":{"rendered":"http:\/\/vocesdebaires.com.ar\/wordpress\/index.php\/2014\/02\/07\/marcos-di-palma-volco-con-su-camioneta-pero-resulto-ileso\/"},"modified":"2014-02-07T14:38:35","modified_gmt":"2014-02-07T17:38:35","slug":"marcos-di-palma-volco-con-su-camioneta-pero-resulto-ileso","status":"publish","type":"post","link":"https:\/\/vocesdebaires.com.ar\/index.php\/2014\/02\/07\/marcos-di-palma-volco-con-su-camioneta-pero-resulto-ileso\/","title":{"rendered":"Marcos Di Palma volc\u00f3 con su camioneta, pero result\u00f3 ileso"},"content":{"rendered":"<p><span style=\"line-height: 1.3em;\">El piloto de autos Marcos Di Palma se accident\u00f3 esta madrugada en la ruta provincial 51 cuando regresaba a su casaquinta en la ciudad bonaerense de Arrecifes, al volcar con su camioneta, aunque sali\u00f3 ileso.<\/span><span style=\"line-height: 1.3em;\">El hecho ocurri\u00f3 antes de las 4 en el kil\u00f3metro 90 de la carretera. Al parecer, el corredor perdi\u00f3 el control producto de la gran cantidad de agua sobre el pavimento y el veh\u00edculo dio varios tumbos. <\/span><span style=\"line-height: 1.3em;\">Di Palma, de 41 a\u00f1os, result\u00f3 ileso, pero los dos empleados que lo acompa\u00f1aban -a su regreso de distintas localidades balnearias de la Costa Atl\u00e1ntica- sufrieron heridas, uno de ellos con un golpe en la cara y otro con fractura de clav\u00edcula, aunque quedaron internados fuera de peligro.<\/span><\/p>\n","protected":false},"excerpt":{"rendered":"<p>El piloto de autos Marcos Di Palma se accident\u00f3 esta madrugada en la ruta provincial 51 cuando regresaba a su casaquinta en la ciudad bonaerense de Arrecifes, al volcar con su camioneta, aunque sali\u00f3 ileso.El hecho ocurri\u00f3 antes de las 4 en el kil\u00f3metro 90 de la carretera. Al parecer, el corredor perdi\u00f3 el control [&hellip;]<\/p>\n","protected":false},"author":2,"featured_media":22377,"comment_status":"open","ping_status":"open","sticky":false,"template":"","format":"standard","meta":{"_et_pb_use_builder":"","_et_pb_old_content":"","_et_gb_content_width":"","footnotes":""},"categories":[14,46],"tags":[],"class_list":["post-22376","post","type-post","status-publish","format-standard","has-post-thumbnail","hentry","category-deportes","category-polideportiva"],"_links":{"self":[{"href":"https:\/\/vocesdebaires.com.ar\/index.php\/wp-json\/wp\/v2\/posts\/22376"}],"collection":[{"href":"https:\/\/vocesdebaires.com.ar\/index.php\/wp-json\/wp\/v2\/posts"}],"about":[{"href":"https:\/\/vocesdebaires.com.ar\/index.php\/wp-json\/wp\/v2\/types\/post"}],"author":[{"embeddable":true,"href":"https:\/\/vocesdebaires.com.ar\/index.php\/wp-json\/wp\/v2\/users\/2"}],"replies":[{"embeddable":true,"href":"https:\/\/vocesdebaires.com.ar\/index.php\/wp-json\/wp\/v2\/comments?post=22376"}],"version-history":[{"count":0,"href":"https:\/\/vocesdebaires.com.ar\/index.php\/wp-json\/wp\/v2\/posts\/22376\/revisions"}],"wp:featuredmedia":[{"embeddable":true,"href":"https:\/\/vocesdebaires.com.ar\/index.php\/wp-json\/wp\/v2\/media\/22377"}],"wp:attachment":[{"href":"https:\/\/vocesdebaires.com.ar\/index.php\/wp-json\/wp\/v2\/media?parent=22376"}],"wp:term":[{"taxonomy":"category","embeddable":true,"href":"https:\/\/vocesdebaires.com.ar\/index.php\/wp-json\/wp\/v2\/categories?post=22376"},{"taxonomy":"post_tag","embeddable":true,"href":"https:\/\/vocesdebaires.com.ar\/index.php\/wp-json\/wp\/v2\/tags?post=22376"}],"curies":[{"name":"wp","href":"https:\/\/api.w.org\/{rel}","templated":true}]}}