{"id":22380,"date":"2014-02-07T14:54:27","date_gmt":"2014-02-07T17:54:27","guid":{"rendered":"http:\/\/vocesdebaires.com.ar\/wordpress\/index.php\/2014\/02\/07\/se-pone-en-marcha-el-torneo-final-2014\/"},"modified":"2014-02-07T14:54:27","modified_gmt":"2014-02-07T17:54:27","slug":"se-pone-en-marcha-el-torneo-final-2014","status":"publish","type":"post","link":"https:\/\/vocesdebaires.com.ar\/index.php\/2014\/02\/07\/se-pone-en-marcha-el-torneo-final-2014\/","title":{"rendered":"Se pone en marcha el Torneo Final 2014"},"content":{"rendered":"<p><span style=\"line-height: 1.3em;\">Hoy a las 17, con el encuentro entre Estudiantes de La Plata y Arsenal F.C., comenzar\u00e1 a disputarse el Torneo Final 2014 de Primera Divisi\u00f3n. La jornada seguir\u00e1 con dos partidos. Ma\u00f1ana se disputar\u00e1n tres cotejos, igual cantidad de partidos el domingo y el lunes cierran Belgrano de C\u00f3rdoba-Lan\u00fas.<\/span><\/p>\n<p>As\u00ed se jugar\u00e1 la 1a. fecha de Primera Divisi\u00f3n:<\/p>\n<p><span style=\"line-height: 1.3em;\">Viernes 7 de febrero<\/span><\/p>\n<p>17.00&#8211; Estudiantes de La Plata-Arsenal F.C., \u00e1rbitro: N\u00e9stor Pitana (En Estadio Ciudad de La Plata)<\/p>\n<p>19.15&#8211; V\u00e9lez Sarsfield-Tigre, \u00e1rbitro: Luis \u00c1lvarez<\/p>\n<p>21.30&#8211; Olimpo de Bah\u00eda Blanca-San Lorenzo, \u00e1rbitro: Andr\u00e9s Merlos<\/p>\n<p>S\u00e1bado 8 de febrero<\/p>\n<p>18.30&#8211; Argentinos Juniors-Godoy Cruz, \u00e1rbitro: Germ\u00e1n Delfino<\/p>\n<p>19.30&#8211; Atl\u00e9tico de Rafaela-All Boys, \u00e1rbitro: DIego Ceballos<\/p>\n<p>20.30&#8211; Racing Club-Col\u00f3n de Santa Fe, \u00e1rbitro: Fernando Rapallini<\/p>\n<p>Domingo 9 de febrero<\/p>\n<p>17.00&#8211; Quilmes A.C.-Rosario Central, \u00e1rbitro: Dar\u00edo Herrera<\/p>\n<p>18.15&#8211; Newell&#8217;s Old Boys-Boca Juniors, \u00e1rbitro: Mauro Vigliano<\/p>\n<p>21.30&#8211; River Plate-Gimnasia y Esgrima de La Plata, \u00e1rbitro: Pablo Lunati<\/p>\n<p><span style=\"line-height: 1.3em;\">Lunes 10 de febrero<\/span><\/p>\n<p>21.15&#8211; Belgrano de C\u00f3rdoba-Lan\u00fas, \u00e1rbitro: Silvio Trucco (En estadio Mario A. Kempes)<\/p>\n","protected":false},"excerpt":{"rendered":"<p>Hoy a las 17, con el encuentro entre Estudiantes de La Plata y Arsenal F.C., comenzar\u00e1 a disputarse el Torneo Final 2014 de Primera Divisi\u00f3n. La jornada seguir\u00e1 con dos partidos. Ma\u00f1ana se disputar\u00e1n tres cotejos, igual cantidad de partidos el domingo y el lunes cierran Belgrano de C\u00f3rdoba-Lan\u00fas. As\u00ed se jugar\u00e1 la 1a. fecha [&hellip;]<\/p>\n","protected":false},"author":2,"featured_media":22381,"comment_status":"open","ping_status":"open","sticky":false,"template":"","format":"standard","meta":{"_et_pb_use_builder":"","_et_pb_old_content":"","_et_gb_content_width":"","footnotes":""},"categories":[39,14],"tags":[],"class_list":["post-22380","post","type-post","status-publish","format-standard","has-post-thumbnail","hentry","category-1o-division-a","category-deportes"],"_links":{"self":[{"href":"https:\/\/vocesdebaires.com.ar\/index.php\/wp-json\/wp\/v2\/posts\/22380"}],"collection":[{"href":"https:\/\/vocesdebaires.com.ar\/index.php\/wp-json\/wp\/v2\/posts"}],"about":[{"href":"https:\/\/vocesdebaires.com.ar\/index.php\/wp-json\/wp\/v2\/types\/post"}],"author":[{"embeddable":true,"href":"https:\/\/vocesdebaires.com.ar\/index.php\/wp-json\/wp\/v2\/users\/2"}],"replies":[{"embeddable":true,"href":"https:\/\/vocesdebaires.com.ar\/index.php\/wp-json\/wp\/v2\/comments?post=22380"}],"version-history":[{"count":0,"href":"https:\/\/vocesdebaires.com.ar\/index.php\/wp-json\/wp\/v2\/posts\/22380\/revisions"}],"wp:featuredmedia":[{"embeddable":true,"href":"https:\/\/vocesdebaires.com.ar\/index.php\/wp-json\/wp\/v2\/media\/22381"}],"wp:attachment":[{"href":"https:\/\/vocesdebaires.com.ar\/index.php\/wp-json\/wp\/v2\/media?parent=22380"}],"wp:term":[{"taxonomy":"category","embeddable":true,"href":"https:\/\/vocesdebaires.com.ar\/index.php\/wp-json\/wp\/v2\/categories?post=22380"},{"taxonomy":"post_tag","embeddable":true,"href":"https:\/\/vocesdebaires.com.ar\/index.php\/wp-json\/wp\/v2\/tags?post=22380"}],"curies":[{"name":"wp","href":"https:\/\/api.w.org\/{rel}","templated":true}]}}