{"id":22395,"date":"2014-02-10T14:31:38","date_gmt":"2014-02-10T17:31:38","guid":{"rendered":"http:\/\/vocesdebaires.com.ar\/wordpress\/index.php\/2014\/02\/10\/ciudad-garantiza-vacantes-para-alumnos-de-4-anos\/"},"modified":"2014-02-10T14:31:38","modified_gmt":"2014-02-10T17:31:38","slug":"ciudad-garantiza-vacantes-para-alumnos-de-4-anos","status":"publish","type":"post","link":"https:\/\/vocesdebaires.com.ar\/index.php\/2014\/02\/10\/ciudad-garantiza-vacantes-para-alumnos-de-4-anos\/","title":{"rendered":"Ciudad \u201cgarantiza\u201d vacantes para alumnos de 4 a\u00f1os"},"content":{"rendered":"<p><span style=\"line-height: 1.3em;\">En medio de las quejas de alumnos y padres por la falta de vacantes, el Gobierno porte\u00f1o asegur\u00f3 que los chicos de cuatro a\u00f1os en adelante tendr\u00e1n \u201cgarantizado\u201d su lugar en la escuela p\u00fablica de la Ciudad.<\/span><span style=\"line-height: 1.3em;\">Pese a que todav\u00eda hay 5.000 alumnos que no fueron reubicados tras los problemas en la inscripci\u00f3n online, el jefe de Gabinete porte\u00f1o, Horacio Rodr\u00edguez Larreta afirm\u00f3 que \u00abtodos los chicos de cuatro a\u00f1os y m\u00e1s van a tener su vacante\u201d.<\/span><\/p>\n<p><span style=\"line-height: 1.3em;\">Sin embargo, el funcionario porte\u00f1o confirm\u00f3 que unos 9.000 ni\u00f1os menores de tres a\u00f1os \u00abno tendr\u00e1n lugar\u00bb en el sistema p\u00fablico del distrito por falta de escuelas.<\/span><span style=\"line-height: 1.3em;\">\u00abHasta los tres a\u00f1os estamos sumando vacantes, pero en ning\u00fan lugar de la Argentina se garantiza la escolaridad total en las guarder\u00edas de uno y dos a\u00f1os y hasta tres\u00bb, justific\u00f3 en declaraciones a radio Mitre. Y, precis\u00f3 que \u00abel pr\u00f3ximo objetivo ser\u00e1 lograr la escolaridad total de los chicos de tres a\u00f1os en adelante. Este es el objetivo para 2015\u00bb. <\/span><span style=\"line-height: 1.3em;\">Al ser consultado sobre si la administraci\u00f3n macrista garantizaba la escolaridad desde esa franja de edades en el sistema p\u00fablico porte\u00f1o, el funcionario respondi\u00f3: \u00abEso yo lo garantizo\u00bb.<\/span><span style=\"line-height: 1.3em;\">\u00abDesde hace dos a\u00f1os viene aumentando la matr\u00edcula en el sistema p\u00fablico de la Ciudad. Es un buen dato, porque significa que se valora la escuela p\u00fablica\u00bb, remarc\u00f3.<\/span><\/p>\n","protected":false},"excerpt":{"rendered":"<p>En medio de las quejas de alumnos y padres por la falta de vacantes, el Gobierno porte\u00f1o asegur\u00f3 que los chicos de cuatro a\u00f1os en adelante tendr\u00e1n \u201cgarantizado\u201d su lugar en la escuela p\u00fablica de la Ciudad.Pese a que todav\u00eda hay 5.000 alumnos que no fueron reubicados tras los problemas en la inscripci\u00f3n online, el [&hellip;]<\/p>\n","protected":false},"author":2,"featured_media":22396,"comment_status":"open","ping_status":"open","sticky":false,"template":"","format":"standard","meta":{"_et_pb_use_builder":"","_et_pb_old_content":"","_et_gb_content_width":"","footnotes":""},"categories":[11,44],"tags":[],"class_list":["post-22395","post","type-post","status-publish","format-standard","has-post-thumbnail","hentry","category-ciudad","category-funcionarios-de-la-caba"],"_links":{"self":[{"href":"https:\/\/vocesdebaires.com.ar\/index.php\/wp-json\/wp\/v2\/posts\/22395"}],"collection":[{"href":"https:\/\/vocesdebaires.com.ar\/index.php\/wp-json\/wp\/v2\/posts"}],"about":[{"href":"https:\/\/vocesdebaires.com.ar\/index.php\/wp-json\/wp\/v2\/types\/post"}],"author":[{"embeddable":true,"href":"https:\/\/vocesdebaires.com.ar\/index.php\/wp-json\/wp\/v2\/users\/2"}],"replies":[{"embeddable":true,"href":"https:\/\/vocesdebaires.com.ar\/index.php\/wp-json\/wp\/v2\/comments?post=22395"}],"version-history":[{"count":0,"href":"https:\/\/vocesdebaires.com.ar\/index.php\/wp-json\/wp\/v2\/posts\/22395\/revisions"}],"wp:featuredmedia":[{"embeddable":true,"href":"https:\/\/vocesdebaires.com.ar\/index.php\/wp-json\/wp\/v2\/media\/22396"}],"wp:attachment":[{"href":"https:\/\/vocesdebaires.com.ar\/index.php\/wp-json\/wp\/v2\/media?parent=22395"}],"wp:term":[{"taxonomy":"category","embeddable":true,"href":"https:\/\/vocesdebaires.com.ar\/index.php\/wp-json\/wp\/v2\/categories?post=22395"},{"taxonomy":"post_tag","embeddable":true,"href":"https:\/\/vocesdebaires.com.ar\/index.php\/wp-json\/wp\/v2\/tags?post=22395"}],"curies":[{"name":"wp","href":"https:\/\/api.w.org\/{rel}","templated":true}]}}