{"id":22399,"date":"2014-02-11T12:21:06","date_gmt":"2014-02-11T15:21:06","guid":{"rendered":"http:\/\/vocesdebaires.com.ar\/wordpress\/index.php\/2014\/02\/11\/bodart-nuevo-amparo-y-comision-investigadora\/"},"modified":"2014-02-11T12:21:06","modified_gmt":"2014-02-11T15:21:06","slug":"bodart-nuevo-amparo-y-comision-investigadora","status":"publish","type":"post","link":"https:\/\/vocesdebaires.com.ar\/index.php\/2014\/02\/11\/bodart-nuevo-amparo-y-comision-investigadora\/","title":{"rendered":"Bodart: Nuevo amparo y Comisi\u00f3n Investigadora"},"content":{"rendered":"<p><span style=\"line-height: 1.3em;\">El legislador \u00a0Alejandro Bodart (MST-Nueva Izquierda), realiz\u00f3 ayer la presentaci\u00f3n ante la Justicia solicitando ordene al GCBA se abstenga de aumentar la tarifa del subte, toda vez que dicho aumento carece de razonabilidad y resulta totalmente injustificado. Quien deber\u00e1 resolver tal petici\u00f3n es la Dra. Elena Liberatori a cargo del Juzgado en lo Contencioso Administrativo y Tributario de la Ciudad N\u00ba 1 Sec 1.<\/span><\/p>\n<p><span style=\"line-height: 1.3em;\">Bodart se\u00f1ala en esta presentaci\u00f3n que \u00bb Macri pretende aumentar nuevamente la tarifa del subte y llevarla a $4,50. De concretarse la tarifa habr\u00e1 aumentado un 309% en dos a\u00f1os. Este nuevo aumento es un robo a los usuarios para garantizarle una ganancia extraordinaria a la empresa quien este a\u00f1o adem\u00e1s recibir\u00e1 1030 millones en subsidios. La Auditoria General de la Ciudad ya ha demostrado que todos los costos que presenta Metrovias y Macri para justificarlo son fraudulentos. Si no frenamos estos tarifazos terminaremos con \u00a0un subte para pocos y de p\u00e9sima calidad.\u00bb <\/span><span style=\"line-height: 1.3em;\">Al mismo tiempo se refiri\u00f3 hoy al incendio de Barracas: \u00abA todas las fallas de seguridad en el establecimiento de Iron Mountain que se han ido conociendo, se suman ahora las denuncias de inspectores del propio gobierno de la ciudad que hablan de irregularidades de vieja data en el lugar y hasta ordenes de clausura por falta de seguridad contra incendios.\u00bb<\/span><\/p>\n<p><span style=\"line-height: 1.3em;\">El legislador \u00a0propone: \u00abConformar una Comisi\u00f3n Investigadora independiente con representantes de todos los bloques de la actual Legislatura que, conjuntamente con los familiares de los trabajadores fallecidos, descubra toda la verdad.\u00bb<\/span><span style=\"line-height: 1.3em;\"> Agreg\u00f3: \u00abHay que investigar a fondo las causas del incendio y el historial de las inspecciones por parte del Gobierno de la Ciudad, porque esta empresa, que ya hab\u00eda sido clausurada, de alg\u00fan modo logr\u00f3 ser habilitada cuando hay cuestiones estructurales que no fueron acondicionadas para que cumplan los requisitos legales. Como no es la primera vez que pasan estas cosas, ligadas al trabajo de la cuestionada AGC, hay que investigar a fondo porque la ciudad est\u00e1 minada de estas situaciones que a pesar de ser denunciadas (como en el caso del Subte o los continuos derrumbes de obra) el Gobierno deja pasar para beneficiar a las empresas mientras se pone en juego la vida de las personas. No podemos descartar que esta tragedia sea el Croma\u00f1on de Macri\u00bb.<\/span><\/p>\n","protected":false},"excerpt":{"rendered":"<p>El legislador \u00a0Alejandro Bodart (MST-Nueva Izquierda), realiz\u00f3 ayer la presentaci\u00f3n ante la Justicia solicitando ordene al GCBA se abstenga de aumentar la tarifa del subte, toda vez que dicho aumento carece de razonabilidad y resulta totalmente injustificado. Quien deber\u00e1 resolver tal petici\u00f3n es la Dra. Elena Liberatori a cargo del Juzgado en lo Contencioso Administrativo [&hellip;]<\/p>\n","protected":false},"author":2,"featured_media":16397,"comment_status":"open","ping_status":"open","sticky":false,"template":"","format":"standard","meta":{"_et_pb_use_builder":"","_et_pb_old_content":"","_et_gb_content_width":"","footnotes":""},"categories":[11,44],"tags":[],"class_list":["post-22399","post","type-post","status-publish","format-standard","has-post-thumbnail","hentry","category-ciudad","category-funcionarios-de-la-caba"],"_links":{"self":[{"href":"https:\/\/vocesdebaires.com.ar\/index.php\/wp-json\/wp\/v2\/posts\/22399"}],"collection":[{"href":"https:\/\/vocesdebaires.com.ar\/index.php\/wp-json\/wp\/v2\/posts"}],"about":[{"href":"https:\/\/vocesdebaires.com.ar\/index.php\/wp-json\/wp\/v2\/types\/post"}],"author":[{"embeddable":true,"href":"https:\/\/vocesdebaires.com.ar\/index.php\/wp-json\/wp\/v2\/users\/2"}],"replies":[{"embeddable":true,"href":"https:\/\/vocesdebaires.com.ar\/index.php\/wp-json\/wp\/v2\/comments?post=22399"}],"version-history":[{"count":0,"href":"https:\/\/vocesdebaires.com.ar\/index.php\/wp-json\/wp\/v2\/posts\/22399\/revisions"}],"wp:featuredmedia":[{"embeddable":true,"href":"https:\/\/vocesdebaires.com.ar\/index.php\/wp-json\/wp\/v2\/media\/16397"}],"wp:attachment":[{"href":"https:\/\/vocesdebaires.com.ar\/index.php\/wp-json\/wp\/v2\/media?parent=22399"}],"wp:term":[{"taxonomy":"category","embeddable":true,"href":"https:\/\/vocesdebaires.com.ar\/index.php\/wp-json\/wp\/v2\/categories?post=22399"},{"taxonomy":"post_tag","embeddable":true,"href":"https:\/\/vocesdebaires.com.ar\/index.php\/wp-json\/wp\/v2\/tags?post=22399"}],"curies":[{"name":"wp","href":"https:\/\/api.w.org\/{rel}","templated":true}]}}