{"id":22400,"date":"2014-02-11T12:30:19","date_gmt":"2014-02-11T15:30:19","guid":{"rendered":"http:\/\/vocesdebaires.com.ar\/wordpress\/index.php\/2014\/02\/11\/la-otra-inseguridad\/"},"modified":"2014-02-11T12:30:19","modified_gmt":"2014-02-11T15:30:19","slug":"la-otra-inseguridad","status":"publish","type":"post","link":"https:\/\/vocesdebaires.com.ar\/index.php\/2014\/02\/11\/la-otra-inseguridad\/","title":{"rendered":"La otra inseguridad"},"content":{"rendered":"<p><span style=\"line-height: 1.3em;\">Los \u00a0legisladores Pablo Bergel y Gustavo Vera (Bloque VerdeAlameda) present\u00f3 hoy un pedido de informes al Poder Ejecutivo para conocer qu\u00e9 medidas ha tomado para atender las sugerencias que le realizara el Comit\u00e9 de Seguimiento del Sistema de Seguridad P\u00fablica en el a\u00f1o 2013 respecto a la aplicaci\u00f3n del Plan Director de Emergencias en caso de inundaciones, cu\u00e1ntos simulacros realizaron en relaci\u00f3n a evacuaciones y qu\u00e9 capacitaciones realiz\u00f3 el Instituto Superior de Seguridad P\u00fablica orientado a otras situaciones de emergencia en la Ciudad, entre otros puntos.<\/span><\/p>\n<p><span style=\"line-height: 1.3em;\">El Plan, aprobado en 2009, \u201cconstituye el marco de referencia para que todas las \u00e1reas del Gobierno de la Ciudad de Buenos Aires den respuesta ante situaciones de amenazas a la comunidad; sean de origen natural o por acciones gestadas por los seres humanos, en las cuales la seguridad, la vida de las personas y el ambiente puedan quedar expuestos al peligro. Organiza la contribuci\u00f3n de todos los sectores involucrados, como as\u00ed tambi\u00e9n, si fuera necesario, la eventual participaci\u00f3n de instituciones pertenecientes a otras jurisdicciones incluyendo las del \u00e1mbito privado\u201d.<\/span><\/p>\n<p><span style=\"line-height: 1.3em;\">\u201cEn menos de un a\u00f1o el Gobierno de la Ciudad se ha mostrado incapaz de aplicar adecuadamente el Plan Director de Emergencias de la ciudad en tres de las amenazas contempladas por el mismo. Las 8 muertes por inundaciones (2 de abril de 2013), las 11 muertes por ola de calor (diciembre de 2013) y ahora los 9 muertos por el incendio en la calle Azara 1245\u201d declar\u00f3 \u00a0el legislador Bergel.<\/span><span style=\"line-height: 1.3em;\">\u201cLa seguridad de los porte\u00f1os es un deber indelegable del gobierno de la ciudad, m\u00e1s all\u00e1 de que las causas de los desastres que vienen sucedi\u00e9ndose, pueda obedecer a factores clim\u00e1ticos, desinversi\u00f3n y deterioro \u00a0en los servicios p\u00fablicos, o posible comisi\u00f3n de delitos, como podr\u00eda ser el caso de un incendio intencional\u201d, agreg\u00f3 Vera. <\/span><span style=\"line-height: 1.3em;\">El proyecto fue acompa\u00f1ado por la diputada \u00a0Mar\u00eda Eugenia Estenssoro y el diputado \u00a0Hern\u00e1n Rossi (Bloque Suma+).<\/span><\/p>\n","protected":false},"excerpt":{"rendered":"<p>Los \u00a0legisladores Pablo Bergel y Gustavo Vera (Bloque VerdeAlameda) present\u00f3 hoy un pedido de informes al Poder Ejecutivo para conocer qu\u00e9 medidas ha tomado para atender las sugerencias que le realizara el Comit\u00e9 de Seguimiento del Sistema de Seguridad P\u00fablica en el a\u00f1o 2013 respecto a la aplicaci\u00f3n del Plan Director de Emergencias en caso [&hellip;]<\/p>\n","protected":false},"author":2,"featured_media":22340,"comment_status":"open","ping_status":"open","sticky":false,"template":"","format":"standard","meta":{"_et_pb_use_builder":"","_et_pb_old_content":"","_et_gb_content_width":"","footnotes":""},"categories":[11,44],"tags":[],"class_list":["post-22400","post","type-post","status-publish","format-standard","has-post-thumbnail","hentry","category-ciudad","category-funcionarios-de-la-caba"],"_links":{"self":[{"href":"https:\/\/vocesdebaires.com.ar\/index.php\/wp-json\/wp\/v2\/posts\/22400"}],"collection":[{"href":"https:\/\/vocesdebaires.com.ar\/index.php\/wp-json\/wp\/v2\/posts"}],"about":[{"href":"https:\/\/vocesdebaires.com.ar\/index.php\/wp-json\/wp\/v2\/types\/post"}],"author":[{"embeddable":true,"href":"https:\/\/vocesdebaires.com.ar\/index.php\/wp-json\/wp\/v2\/users\/2"}],"replies":[{"embeddable":true,"href":"https:\/\/vocesdebaires.com.ar\/index.php\/wp-json\/wp\/v2\/comments?post=22400"}],"version-history":[{"count":0,"href":"https:\/\/vocesdebaires.com.ar\/index.php\/wp-json\/wp\/v2\/posts\/22400\/revisions"}],"wp:featuredmedia":[{"embeddable":true,"href":"https:\/\/vocesdebaires.com.ar\/index.php\/wp-json\/wp\/v2\/media\/22340"}],"wp:attachment":[{"href":"https:\/\/vocesdebaires.com.ar\/index.php\/wp-json\/wp\/v2\/media?parent=22400"}],"wp:term":[{"taxonomy":"category","embeddable":true,"href":"https:\/\/vocesdebaires.com.ar\/index.php\/wp-json\/wp\/v2\/categories?post=22400"},{"taxonomy":"post_tag","embeddable":true,"href":"https:\/\/vocesdebaires.com.ar\/index.php\/wp-json\/wp\/v2\/tags?post=22400"}],"curies":[{"name":"wp","href":"https:\/\/api.w.org\/{rel}","templated":true}]}}