{"id":22412,"date":"2014-02-12T12:30:27","date_gmt":"2014-02-12T15:30:27","guid":{"rendered":"http:\/\/vocesdebaires.com.ar\/wordpress\/index.php\/2014\/02\/12\/bodart-bullrich-se-tiene-que-ir\/"},"modified":"2014-02-12T12:30:27","modified_gmt":"2014-02-12T15:30:27","slug":"bodart-bullrich-se-tiene-que-ir","status":"publish","type":"post","link":"https:\/\/vocesdebaires.com.ar\/index.php\/2014\/02\/12\/bodart-bullrich-se-tiene-que-ir\/","title":{"rendered":"Bodart: Bullrich \u00abse tiene que ir\u00bb"},"content":{"rendered":"<p><span style=\"line-height: 1.3em;\">En el Sal\u00f3n Per\u00f3n de la Legislatura porte\u00f1a se realiz\u00f3 hoy por la ma\u00f1ana una multitudinaria reuni\u00f3n de padres afectados por la falta de vacantes para sus hijos, gremios docentes y legisladores. All\u00ed se discutieron los pasos a seguir frente a la enorme crisis que est\u00e1 atravesando la educaci\u00f3n p\u00fablica en nuestra Ciudad.<\/span><\/p>\n<p><span style=\"line-height: 1.3em;\">El Diputado Alejandro Bodart (MST- Nueva Izquierda) particip\u00f3 de la reuni\u00f3n y tras escuchar a padres y docentes, expres\u00f3: \u201cFaltan 15 d\u00edas para el inicio de clases y son miles los chicos que todav\u00eda no tienen vacante. Adem\u00e1s de la movilizaci\u00f3n es imprescindible que los diputados de la oposici\u00f3n nos comprometamos a convocar \u00a0a una sesi\u00f3n especial urgente y a votar la interpelaci\u00f3n al Ministro Bullrich. Si todos los que se dicen `oposici\u00f3n\u00b4 ponen su firma, el n\u00famero nos da. Y si alguien no firma nos permitir\u00e1 comprobar qui\u00e9n es c\u00f3mplice de Macri\u00bb.<\/span><span style=\"line-height: 1.3em;\">Bodart, adem\u00e1s puntualiz\u00f3: \u00abSi no hay soluci\u00f3n para todos los chicos en los pr\u00f3ximos d\u00edas, Bullrich se tiene que ir y Macri pagar el costo pol\u00edtico de este desastre.\u201d<\/span><\/p>\n","protected":false},"excerpt":{"rendered":"<p>En el Sal\u00f3n Per\u00f3n de la Legislatura porte\u00f1a se realiz\u00f3 hoy por la ma\u00f1ana una multitudinaria reuni\u00f3n de padres afectados por la falta de vacantes para sus hijos, gremios docentes y legisladores. All\u00ed se discutieron los pasos a seguir frente a la enorme crisis que est\u00e1 atravesando la educaci\u00f3n p\u00fablica en nuestra Ciudad. El Diputado [&hellip;]<\/p>\n","protected":false},"author":2,"featured_media":22413,"comment_status":"open","ping_status":"open","sticky":false,"template":"","format":"standard","meta":{"_et_pb_use_builder":"","_et_pb_old_content":"","_et_gb_content_width":"","footnotes":""},"categories":[11,44],"tags":[],"class_list":["post-22412","post","type-post","status-publish","format-standard","has-post-thumbnail","hentry","category-ciudad","category-funcionarios-de-la-caba"],"_links":{"self":[{"href":"https:\/\/vocesdebaires.com.ar\/index.php\/wp-json\/wp\/v2\/posts\/22412"}],"collection":[{"href":"https:\/\/vocesdebaires.com.ar\/index.php\/wp-json\/wp\/v2\/posts"}],"about":[{"href":"https:\/\/vocesdebaires.com.ar\/index.php\/wp-json\/wp\/v2\/types\/post"}],"author":[{"embeddable":true,"href":"https:\/\/vocesdebaires.com.ar\/index.php\/wp-json\/wp\/v2\/users\/2"}],"replies":[{"embeddable":true,"href":"https:\/\/vocesdebaires.com.ar\/index.php\/wp-json\/wp\/v2\/comments?post=22412"}],"version-history":[{"count":0,"href":"https:\/\/vocesdebaires.com.ar\/index.php\/wp-json\/wp\/v2\/posts\/22412\/revisions"}],"wp:featuredmedia":[{"embeddable":true,"href":"https:\/\/vocesdebaires.com.ar\/index.php\/wp-json\/wp\/v2\/media\/22413"}],"wp:attachment":[{"href":"https:\/\/vocesdebaires.com.ar\/index.php\/wp-json\/wp\/v2\/media?parent=22412"}],"wp:term":[{"taxonomy":"category","embeddable":true,"href":"https:\/\/vocesdebaires.com.ar\/index.php\/wp-json\/wp\/v2\/categories?post=22412"},{"taxonomy":"post_tag","embeddable":true,"href":"https:\/\/vocesdebaires.com.ar\/index.php\/wp-json\/wp\/v2\/tags?post=22412"}],"curies":[{"name":"wp","href":"https:\/\/api.w.org\/{rel}","templated":true}]}}