{"id":22423,"date":"2014-02-12T20:35:25","date_gmt":"2014-02-12T23:35:25","guid":{"rendered":"http:\/\/vocesdebaires.com.ar\/wordpress\/index.php\/2014\/02\/12\/citan-a-indagatoria-a-abal-medina-y-a-scoccimarro\/"},"modified":"2014-02-12T20:35:25","modified_gmt":"2014-02-12T23:35:25","slug":"citan-a-indagatoria-a-abal-medina-y-a-scoccimarro","status":"publish","type":"post","link":"https:\/\/vocesdebaires.com.ar\/index.php\/2014\/02\/12\/citan-a-indagatoria-a-abal-medina-y-a-scoccimarro\/","title":{"rendered":"Citan a indagatoria a Abal Medina y a Scoccimarro"},"content":{"rendered":"<p><span style=\"line-height: 1.3em;\">El juez federal Claudio Bonadio cit\u00f3 a declaraci\u00f3n indagatoria al ex jefe de Gabinete, Juan Manuel Abal Medina y al actual secretario de Comunicaci\u00f3n P\u00fablica y vocero presidencial, Alfredo Scoccimarro por una propaganda gubernamental emitida en \u00abF\u00fatbol para Todos\u00bb, en el a\u00f1o 2012, que atacaba al jefe de Gobierno porte\u00f1o, Mauricio Macri.<\/span><span style=\"line-height: 1.3em;\">El llamado a declarar como imputados alcanza tambi\u00e9n al subsecretario de Comunicaci\u00f3n y Contenidos de Difusi\u00f3n, Gustavo Fern\u00e1ndez Russo y a Rodrigo \u00abRodra\u00bb Rodr\u00edguez, militante de \u00abLa C\u00e1mpora\u00bb, quien hasta enero ocupaba la subsecretar\u00eda de Comunicaci\u00f3n P\u00fablica y ahora pas\u00f3 al cargo de secretario de Organizaci\u00f3n y Comunicaci\u00f3n del ministerio de Desarrollo Social.<\/span><span style=\"line-height: 1.3em;\">Seg\u00fan se conoci\u00f3 hoy en los Tribunales, los turnos de indagatorias en la sede judicial de la avenida Comodoro Py 2002 arrancar\u00e1n con Rodr\u00edguez el 20 de febrero; Fern\u00e1ndez Russo, el 24; Scoccimarro, el 26 y Abal Medina, el 28. <\/span><\/p>\n<p><span style=\"line-height: 1.3em;\">El juez investiga si al confeccionar el spot y emitirlo el 11 de agosto de 2012, en el entretiempo del partido River Plate-Estudiantes de la Plata, los funcionarios supuestamente perpetraron el delito de \u00abmalversaci\u00f3n de caudales p\u00fablicos\u00bb, penado con prisi\u00f3n de dos a 10 a\u00f1os e inhabilitaci\u00f3n.<\/span><span style=\"line-height: 1.3em;\">El spot en cuesti\u00f3n, con el sello de Presidencia de la Naci\u00f3n, responsabilizaba a Macri y su administraci\u00f3n por la huelga de trabajadores del subte porte\u00f1o, que paralizaba el servicio por aquellos d\u00edas y se\u00f1alaba que era obligaci\u00f3n de los funcionarios porte\u00f1os \u00absolucionar los conflictos gremiales y asegurarte que puedas viajar\u00bb.<\/span><span style=\"line-height: 1.3em;\">La denuncia original que dio inicio a esta causa fue radicada en Comodoro Py por los legisladores del PRO, Cristian Ritondo y Daniel Presti. <\/span><\/p>\n","protected":false},"excerpt":{"rendered":"<p>El juez federal Claudio Bonadio cit\u00f3 a declaraci\u00f3n indagatoria al ex jefe de Gabinete, Juan Manuel Abal Medina y al actual secretario de Comunicaci\u00f3n P\u00fablica y vocero presidencial, Alfredo Scoccimarro por una propaganda gubernamental emitida en \u00abF\u00fatbol para Todos\u00bb, en el a\u00f1o 2012, que atacaba al jefe de Gobierno porte\u00f1o, Mauricio Macri.El llamado a declarar [&hellip;]<\/p>\n","protected":false},"author":2,"featured_media":22424,"comment_status":"open","ping_status":"open","sticky":false,"template":"","format":"standard","meta":{"_et_pb_use_builder":"","_et_pb_old_content":"","_et_gb_content_width":"","footnotes":""},"categories":[11,44],"tags":[],"class_list":["post-22423","post","type-post","status-publish","format-standard","has-post-thumbnail","hentry","category-ciudad","category-funcionarios-de-la-caba"],"_links":{"self":[{"href":"https:\/\/vocesdebaires.com.ar\/index.php\/wp-json\/wp\/v2\/posts\/22423"}],"collection":[{"href":"https:\/\/vocesdebaires.com.ar\/index.php\/wp-json\/wp\/v2\/posts"}],"about":[{"href":"https:\/\/vocesdebaires.com.ar\/index.php\/wp-json\/wp\/v2\/types\/post"}],"author":[{"embeddable":true,"href":"https:\/\/vocesdebaires.com.ar\/index.php\/wp-json\/wp\/v2\/users\/2"}],"replies":[{"embeddable":true,"href":"https:\/\/vocesdebaires.com.ar\/index.php\/wp-json\/wp\/v2\/comments?post=22423"}],"version-history":[{"count":0,"href":"https:\/\/vocesdebaires.com.ar\/index.php\/wp-json\/wp\/v2\/posts\/22423\/revisions"}],"wp:featuredmedia":[{"embeddable":true,"href":"https:\/\/vocesdebaires.com.ar\/index.php\/wp-json\/wp\/v2\/media\/22424"}],"wp:attachment":[{"href":"https:\/\/vocesdebaires.com.ar\/index.php\/wp-json\/wp\/v2\/media?parent=22423"}],"wp:term":[{"taxonomy":"category","embeddable":true,"href":"https:\/\/vocesdebaires.com.ar\/index.php\/wp-json\/wp\/v2\/categories?post=22423"},{"taxonomy":"post_tag","embeddable":true,"href":"https:\/\/vocesdebaires.com.ar\/index.php\/wp-json\/wp\/v2\/tags?post=22423"}],"curies":[{"name":"wp","href":"https:\/\/api.w.org\/{rel}","templated":true}]}}