{"id":22425,"date":"2014-02-12T20:40:22","date_gmt":"2014-02-12T23:40:22","guid":{"rendered":"http:\/\/vocesdebaires.com.ar\/wordpress\/index.php\/2014\/02\/12\/un-derechazo-de-canteros-hizo-sonreir-a-velez\/"},"modified":"2014-02-12T20:40:22","modified_gmt":"2014-02-12T23:40:22","slug":"un-derechazo-de-canteros-hizo-sonreir-a-velez","status":"publish","type":"post","link":"https:\/\/vocesdebaires.com.ar\/index.php\/2014\/02\/12\/un-derechazo-de-canteros-hizo-sonreir-a-velez\/","title":{"rendered":"Un derechazo de Canteros hizo sonre\u00edr a V\u00e9lez"},"content":{"rendered":"<p><span style=\"font-family: Helvetica, Arial, sans-serif;\"><span style=\"font-size: 15px; line-height: 15.119999885559082px;\"> <\/span><\/span><span style=\"font-family: Helvetica, Arial, sans-serif; font-size: 15px; line-height: 15.119999885559082px;\">Con gol de H\u00e9ctor Canteros a los 35 minutos del segundo tiempo, V\u00e9lez le gan\u00f3 de visitante a Universitario de Per\u00fa por 1 a 0 por la primera fecha del Grupo 1 de la Copa Libertadores.<\/span><span style=\"font-family: Helvetica, Arial, sans-serif; font-size: 15px; line-height: 15.119999885559082px;\">Desde el comienzo, ambos equipos intentaron buscar el arco rival y, si bien no se produjeron jugadas de peligro durante la primera media hora, el partido fue entretenido y parejo.<\/span><span style=\"font-family: Helvetica, Arial, sans-serif; font-size: 15px; line-height: 15.119999885559082px;\">Sobre la media hora, el equipo del Turu Flores se mostr\u00f3 m\u00e1s ambicioso y control\u00f3 el bal\u00f3n. Lucas Pratto y Mauro Z\u00e1rate tuvieron el gol pero respondi\u00f3 bien el arquero Carvallo. <\/span><\/p>\n<p><span style=\"line-height: 1.3em; font-family: Helvetica, Arial, sans-serif;\"><span style=\"font-size: 15px; line-height: 15.119999885559082px;\">En la parte final, el Fort\u00edn monopoliz\u00f3 el manejo del bal\u00f3n desde el comienzo, pero su mejor juego careci\u00f3 de profundidad y la primera llegada de peligro fue a favor de la `U`, cuando a los 20 minutos Luis Garc\u00eda le gan\u00f3 al cierre de Emiliano Papa y casi convierte ante el sorprendido Sebasti\u00e1n Sosa.<\/span><\/span><span style=\"line-height: 1.3em; font-family: Helvetica, Arial, sans-serif;\"><span style=\"font-size: 15px; line-height: 15.119999885559082px;\">Pero a diez minutos del final, una buena corrida de Papa por izquierda termin\u00f3 con un lindo gol de Canteros, quien tras el pase del defensor, remat\u00f3 bajo y esquinado desde afuera del \u00e1rea al palo izquierdo del sorprendido Carvallo.<\/span><\/span><span style=\"font-family: Helvetica, Arial, sans-serif; font-size: 15px; line-height: 15.119999885559082px;\">As\u00ed, V\u00e9lez se trajo una importante victoria de Lima, que le abre bastante cr\u00e9dito para el futuro.<\/span><\/p>\n","protected":false},"excerpt":{"rendered":"<p>Con gol de H\u00e9ctor Canteros a los 35 minutos del segundo tiempo, V\u00e9lez le gan\u00f3 de visitante a Universitario de Per\u00fa por 1 a 0 por la primera fecha del Grupo 1 de la Copa Libertadores.Desde el comienzo, ambos equipos intentaron buscar el arco rival y, si bien no se produjeron jugadas de peligro durante [&hellip;]<\/p>\n","protected":false},"author":2,"featured_media":22426,"comment_status":"open","ping_status":"open","sticky":false,"template":"","format":"standard","meta":{"_et_pb_use_builder":"","_et_pb_old_content":"","_et_gb_content_width":"","footnotes":""},"categories":[14,50],"tags":[],"class_list":["post-22425","post","type-post","status-publish","format-standard","has-post-thumbnail","hentry","category-deportes","category-futbol-internacional-2"],"_links":{"self":[{"href":"https:\/\/vocesdebaires.com.ar\/index.php\/wp-json\/wp\/v2\/posts\/22425"}],"collection":[{"href":"https:\/\/vocesdebaires.com.ar\/index.php\/wp-json\/wp\/v2\/posts"}],"about":[{"href":"https:\/\/vocesdebaires.com.ar\/index.php\/wp-json\/wp\/v2\/types\/post"}],"author":[{"embeddable":true,"href":"https:\/\/vocesdebaires.com.ar\/index.php\/wp-json\/wp\/v2\/users\/2"}],"replies":[{"embeddable":true,"href":"https:\/\/vocesdebaires.com.ar\/index.php\/wp-json\/wp\/v2\/comments?post=22425"}],"version-history":[{"count":0,"href":"https:\/\/vocesdebaires.com.ar\/index.php\/wp-json\/wp\/v2\/posts\/22425\/revisions"}],"wp:featuredmedia":[{"embeddable":true,"href":"https:\/\/vocesdebaires.com.ar\/index.php\/wp-json\/wp\/v2\/media\/22426"}],"wp:attachment":[{"href":"https:\/\/vocesdebaires.com.ar\/index.php\/wp-json\/wp\/v2\/media?parent=22425"}],"wp:term":[{"taxonomy":"category","embeddable":true,"href":"https:\/\/vocesdebaires.com.ar\/index.php\/wp-json\/wp\/v2\/categories?post=22425"},{"taxonomy":"post_tag","embeddable":true,"href":"https:\/\/vocesdebaires.com.ar\/index.php\/wp-json\/wp\/v2\/tags?post=22425"}],"curies":[{"name":"wp","href":"https:\/\/api.w.org\/{rel}","templated":true}]}}