{"id":22429,"date":"2014-02-12T21:08:45","date_gmt":"2014-02-13T00:08:45","guid":{"rendered":"http:\/\/vocesdebaires.com.ar\/wordpress\/index.php\/2014\/02\/12\/arsenal-comenzo-su-camino-con-el-pie-izquierdo\/"},"modified":"2014-02-12T21:08:45","modified_gmt":"2014-02-13T00:08:45","slug":"arsenal-comenzo-su-camino-con-el-pie-izquierdo","status":"publish","type":"post","link":"https:\/\/vocesdebaires.com.ar\/index.php\/2014\/02\/12\/arsenal-comenzo-su-camino-con-el-pie-izquierdo\/","title":{"rendered":"Arsenal comenz\u00f3 su camino con el pie izquierdo"},"content":{"rendered":"<p><span style=\"line-height: 1.3em;\">Santos Laguna venci\u00f3 1-0 a Arsenal anoche en el partido de la primera jornada del Grupo 8 de la Copa Libertadores de Am\u00e9rica-2014 jugado en el estadio Corona de la ciudad de Torre\u00f3n. <\/span><span style=\"line-height: 1.3em;\">Oribe Peralta, al minuto 19, hizo el gol para los \u201cGuerreros\u201d del Santos que sumaron sus primeros tres puntos en la llave. Arsenal se qued\u00f3 sin unidades en este sector que completan Anzo\u00e1tegui de Venezuela y Pe\u00f1arol de Uruguay, que se enfrentar\u00e1n hoy.<\/span><\/p>\n<p><span style=\"line-height: 1.3em;\">Una sola jugada le bast\u00f3 al Santos para ganar el partido. El habilidoso delantero colombiano Carlos Darwin Quintero la elabor\u00f3 y el \u201cCepillo\u201d Peralta la convirti\u00f3 en el gol que dar\u00eda el triunfo.<\/span><span style=\"line-height: 1.3em;\">Despu\u00e9s de ponerse en ventaja, la escuadra santista gener\u00f3 poco juego ofensivo en comparaci\u00f3n al n\u00famero de veces que atac\u00f3 el equipo argentino que, a pesar de su insistencia, no pudo vencer el arco de Oswaldo S\u00e1nchez, quien a sus 40 a\u00f1os ataj\u00f3 como en sus mejores tiempos<\/span><\/p>\n","protected":false},"excerpt":{"rendered":"<p>Santos Laguna venci\u00f3 1-0 a Arsenal anoche en el partido de la primera jornada del Grupo 8 de la Copa Libertadores de Am\u00e9rica-2014 jugado en el estadio Corona de la ciudad de Torre\u00f3n. Oribe Peralta, al minuto 19, hizo el gol para los \u201cGuerreros\u201d del Santos que sumaron sus primeros tres puntos en la llave. [&hellip;]<\/p>\n","protected":false},"author":2,"featured_media":22430,"comment_status":"open","ping_status":"open","sticky":false,"template":"","format":"standard","meta":{"_et_pb_use_builder":"","_et_pb_old_content":"","_et_gb_content_width":"","footnotes":""},"categories":[14,50],"tags":[],"class_list":["post-22429","post","type-post","status-publish","format-standard","has-post-thumbnail","hentry","category-deportes","category-futbol-internacional-2"],"_links":{"self":[{"href":"https:\/\/vocesdebaires.com.ar\/index.php\/wp-json\/wp\/v2\/posts\/22429"}],"collection":[{"href":"https:\/\/vocesdebaires.com.ar\/index.php\/wp-json\/wp\/v2\/posts"}],"about":[{"href":"https:\/\/vocesdebaires.com.ar\/index.php\/wp-json\/wp\/v2\/types\/post"}],"author":[{"embeddable":true,"href":"https:\/\/vocesdebaires.com.ar\/index.php\/wp-json\/wp\/v2\/users\/2"}],"replies":[{"embeddable":true,"href":"https:\/\/vocesdebaires.com.ar\/index.php\/wp-json\/wp\/v2\/comments?post=22429"}],"version-history":[{"count":0,"href":"https:\/\/vocesdebaires.com.ar\/index.php\/wp-json\/wp\/v2\/posts\/22429\/revisions"}],"wp:featuredmedia":[{"embeddable":true,"href":"https:\/\/vocesdebaires.com.ar\/index.php\/wp-json\/wp\/v2\/media\/22430"}],"wp:attachment":[{"href":"https:\/\/vocesdebaires.com.ar\/index.php\/wp-json\/wp\/v2\/media?parent=22429"}],"wp:term":[{"taxonomy":"category","embeddable":true,"href":"https:\/\/vocesdebaires.com.ar\/index.php\/wp-json\/wp\/v2\/categories?post=22429"},{"taxonomy":"post_tag","embeddable":true,"href":"https:\/\/vocesdebaires.com.ar\/index.php\/wp-json\/wp\/v2\/tags?post=22429"}],"curies":[{"name":"wp","href":"https:\/\/api.w.org\/{rel}","templated":true}]}}