{"id":2243,"date":"2020-05-08T03:00:00","date_gmt":"2020-05-08T06:00:00","guid":{"rendered":"http:\/\/vocesdebaires.com.ar\/wordpress\/index.php\/2020\/05\/08\/legislatura-son-aprobados-varios-asuntos\/"},"modified":"2020-05-08T03:00:00","modified_gmt":"2020-05-08T06:00:00","slug":"legislatura-son-aprobados-varios-asuntos","status":"publish","type":"post","link":"https:\/\/vocesdebaires.com.ar\/index.php\/2020\/05\/08\/legislatura-son-aprobados-varios-asuntos\/","title":{"rendered":"Legislatura: Son aprobados varios asuntos"},"content":{"rendered":"<p>Por resoluci\u00f3n un\u00e1nime se aval\u00f3 el decreto de necesidad y urgencia n\u00famero 6\/2020 del jefe de Gobierno de la Ciudad, referido a pr\u00f3rroga y suspensi\u00f3n transitoria de plazos y vencimientos de licencias de taxis y verificaciones t\u00e9cnicas de esos veh\u00edculos del servicio p\u00fablico de pasajeros. Por iniciativa del legislador Sergio Abrevaya (GEN), la Legislatura aprob\u00f3 una declaraci\u00f3n en la que solicita al Poder Ejecutivo que gestione la excepci\u00f3n del cumplimiento del aislamiento social preventivo y obligatorio y de la prohibici\u00f3n de circular \u00aba todas las actividades con localizaci\u00f3n y alcance barrial y con el ingreso de una persona ajena al comercio por vez, o domiciliaria sea o no de fuerza mayor,relacionadas al mantenimiento o reparaci\u00f3n en general\u00bb.<\/p>\n<p>La iniciativa apunta a que vuelvan a funcionar los servicios t\u00e9cnicos en el \u00e1mbito de la Ciudad y en sus fundamentos explica: \u00abUn gasista o un plomero, deben poder realizar su trabajo en el mantenimiento de una vivienda. Lo mismo ocurre en el caso de una computadora que requiere reparaci\u00f3n, y que sin la misma desconecta a la familia, aisl\u00e1ndola a\u00fan m\u00e1s por esta circunstancia\u00bb. Tambi\u00e9n se realiz\u00f3 un pedido para que el Poder Ejecutivo, a trav\u00e9s de los organismos correspondientes, solicite al Poder Ejecutivo Nacional que arbitre los medios necesarios para que los usuarios y consumidores puedan realizar la carga virtual de la tarjeta S.U.B.E. mediante la aplicaci\u00f3n creada para dicho fin, evitando el tener que acudir a una terminal autom\u00e1tica para la acreditaci\u00f3n del saldo. La iniciativa fue de la legisladora In\u00e9s Gorbea (Ev).<\/p>\n<p>Adem\u00e1s, otra declaraci\u00f3n impulsada por el legislador Gast\u00f3n Blanchetiere (VJ), sostiene que \u00abLa Legislatura ver\u00eda con agrado que el Poder Ejecutivo, a trav\u00e9s del Ministerio de Salud, implementara un plan de trabajo conjunto con la Universidad de Buenos Aires para aunar esfuerzos en las investigaciones del uso de plasma de pacientes recuperados de Covid-19 con fines terap\u00e9uticos\u00bb.<br \/>Finalmente se aprob\u00f3 la designaci\u00f3n como miembro propuesto por la Comisi\u00f3n Especial de Patrimonio Arquitect\u00f3nico y Paisaj\u00edstico a Julieta Ascar, quien integrar\u00e1 el Consejo de Participaci\u00f3n Cultural de la Ciudad Aut\u00f3noma de Buenos Aires, en los t\u00e9rminos de la Ley N\u00b0 6.026. El proyecto de resoluci\u00f3n fue promovido por el legislador Diego Garc\u00eda Vilas (VJ).<\/p>\n","protected":false},"excerpt":{"rendered":"<p>Por resoluci\u00f3n un\u00e1nime se aval\u00f3 el decreto de necesidad y urgencia n\u00famero 6\/2020 del jefe de Gobierno de la Ciudad, referido a pr\u00f3rroga y suspensi\u00f3n transitoria de plazos y vencimientos de licencias de taxis y verificaciones t\u00e9cnicas de esos veh\u00edculos del servicio p\u00fablico de pasajeros. Por iniciativa del legislador Sergio Abrevaya (GEN), la Legislatura aprob\u00f3 [&hellip;]<\/p>\n","protected":false},"author":1,"featured_media":0,"comment_status":"open","ping_status":"open","sticky":false,"template":"","format":"standard","meta":{"_et_pb_use_builder":"","_et_pb_old_content":"","_et_gb_content_width":"","footnotes":""},"categories":[11,33],"tags":[],"class_list":["post-2243","post","type-post","status-publish","format-standard","hentry","category-ciudad","category-sociedad-y-cultura-2"],"_links":{"self":[{"href":"https:\/\/vocesdebaires.com.ar\/index.php\/wp-json\/wp\/v2\/posts\/2243"}],"collection":[{"href":"https:\/\/vocesdebaires.com.ar\/index.php\/wp-json\/wp\/v2\/posts"}],"about":[{"href":"https:\/\/vocesdebaires.com.ar\/index.php\/wp-json\/wp\/v2\/types\/post"}],"author":[{"embeddable":true,"href":"https:\/\/vocesdebaires.com.ar\/index.php\/wp-json\/wp\/v2\/users\/1"}],"replies":[{"embeddable":true,"href":"https:\/\/vocesdebaires.com.ar\/index.php\/wp-json\/wp\/v2\/comments?post=2243"}],"version-history":[{"count":0,"href":"https:\/\/vocesdebaires.com.ar\/index.php\/wp-json\/wp\/v2\/posts\/2243\/revisions"}],"wp:attachment":[{"href":"https:\/\/vocesdebaires.com.ar\/index.php\/wp-json\/wp\/v2\/media?parent=2243"}],"wp:term":[{"taxonomy":"category","embeddable":true,"href":"https:\/\/vocesdebaires.com.ar\/index.php\/wp-json\/wp\/v2\/categories?post=2243"},{"taxonomy":"post_tag","embeddable":true,"href":"https:\/\/vocesdebaires.com.ar\/index.php\/wp-json\/wp\/v2\/tags?post=2243"}],"curies":[{"name":"wp","href":"https:\/\/api.w.org\/{rel}","templated":true}]}}