{"id":22431,"date":"2014-02-12T21:13:31","date_gmt":"2014-02-13T00:13:31","guid":{"rendered":"http:\/\/vocesdebaires.com.ar\/wordpress\/index.php\/2014\/02\/12\/del-potro-empezo-afilado\/"},"modified":"2014-02-12T21:13:31","modified_gmt":"2014-02-13T00:13:31","slug":"del-potro-empezo-afilado","status":"publish","type":"post","link":"https:\/\/vocesdebaires.com.ar\/index.php\/2014\/02\/12\/del-potro-empezo-afilado\/","title":{"rendered":"Del Potro empez\u00f3 afilado"},"content":{"rendered":"<p><span style=\"line-height: 1.3em;\">El tandilense, cuarto en el ranking mundial y campe\u00f3n defensor, necesit\u00f3 de una hora y 40 minutos para doblegar a Monfils (23), y en busca de los cuartos de final enfrentar\u00e1 al tambi\u00e9n galo Paul-Henri Mathieu (135), quien en el debut super\u00f3 al croata Iv\u00e1n Dodig (33) por un ajustado 4-6, 7-6 (2) y 6-4.<\/span><span style=\"line-height: 1.3em;\">Las dudas sobre el estado f\u00edsico de Del Potro se disiparon r\u00e1pidamente cuando la potencia de sus golpes comenz\u00f3 a desbordar a Monfils que hizo un gran primer set, forzando el tie break.<\/span><\/p>\n<p><span style=\"line-height: 1.3em;\">El drive fue tan decisivo como siempre y el rev\u00e9s a dos manos, el golpe que m\u00e1s le cuesta cuando tiene molestias en la mu\u00f1eca izquierda, fue tan regular como de costumbre.<\/span><span style=\"line-height: 1.3em;\">As\u00ed, acompa\u00f1ado por un primer servicio que lo sac\u00f3 de m\u00e1s de un apuro y le permiti\u00f3 ganar los denominados puntos f\u00e1ciles, el mejor tenista argentino de la actualidad construy\u00f3 una victoria s\u00f3lida, sin discusiones.<\/span><span style=\"line-height: 1.3em;\">El torneo holand\u00e9s, en el que Del Potro defiende el t\u00edtulo que consigui\u00f3 en 2013, representa el regreso del tandilense a la competencia, luego de su r\u00e1pida eliminaci\u00f3n en el Abierto de Australia, donde perdi\u00f3 en segunda ronda con el espa\u00f1ol Roberto Bautista Agut.<\/span><\/p>\n<p><span style=\"line-height: 1.3em;\">Luego de ese torneo, en el que debi\u00f3 jugar infiltrado por una nueva molestia en la mu\u00f1eca izquierda, Del Potro viaj\u00f3 a Estados Unidos y visit\u00f3 al especialista Richard Berger, para luego regresar al pa\u00eds y realizar la rehabilitaci\u00f3n y la posterior puesta a punto f\u00edsica en Buenos Aires.<\/span><span style=\"line-height: 1.3em;\">En el pr\u00f3ximo pelda\u00f1o rumbo a la defensa del t\u00edtulo, Del Potro enfrentar\u00e1 a Mathieu, a quien le gan\u00f3 los dos partidos que jugaron, en Adelaida, Australia, 2007, por 7-6 (3), 0-6 y 6-3, y en Basilea, Suiza, 2013, por 6-4 y 6-4. <\/span><span style=\"line-height: 1.3em;\">El ATP 500 de Rotterdam se juega sobre una superficie dura y bajo techo y reparte 1.369.305 euros en premios.<\/span><\/p>\n<p>Fuente: DyN<\/p>\n","protected":false},"excerpt":{"rendered":"<p>El tandilense, cuarto en el ranking mundial y campe\u00f3n defensor, necesit\u00f3 de una hora y 40 minutos para doblegar a Monfils (23), y en busca de los cuartos de final enfrentar\u00e1 al tambi\u00e9n galo Paul-Henri Mathieu (135), quien en el debut super\u00f3 al croata Iv\u00e1n Dodig (33) por un ajustado 4-6, 7-6 (2) y 6-4.Las [&hellip;]<\/p>\n","protected":false},"author":2,"featured_media":22432,"comment_status":"open","ping_status":"open","sticky":false,"template":"","format":"standard","meta":{"_et_pb_use_builder":"","_et_pb_old_content":"","_et_gb_content_width":"","footnotes":""},"categories":[14,51],"tags":[],"class_list":["post-22431","post","type-post","status-publish","format-standard","has-post-thumbnail","hentry","category-deportes","category-tenis"],"_links":{"self":[{"href":"https:\/\/vocesdebaires.com.ar\/index.php\/wp-json\/wp\/v2\/posts\/22431"}],"collection":[{"href":"https:\/\/vocesdebaires.com.ar\/index.php\/wp-json\/wp\/v2\/posts"}],"about":[{"href":"https:\/\/vocesdebaires.com.ar\/index.php\/wp-json\/wp\/v2\/types\/post"}],"author":[{"embeddable":true,"href":"https:\/\/vocesdebaires.com.ar\/index.php\/wp-json\/wp\/v2\/users\/2"}],"replies":[{"embeddable":true,"href":"https:\/\/vocesdebaires.com.ar\/index.php\/wp-json\/wp\/v2\/comments?post=22431"}],"version-history":[{"count":0,"href":"https:\/\/vocesdebaires.com.ar\/index.php\/wp-json\/wp\/v2\/posts\/22431\/revisions"}],"wp:featuredmedia":[{"embeddable":true,"href":"https:\/\/vocesdebaires.com.ar\/index.php\/wp-json\/wp\/v2\/media\/22432"}],"wp:attachment":[{"href":"https:\/\/vocesdebaires.com.ar\/index.php\/wp-json\/wp\/v2\/media?parent=22431"}],"wp:term":[{"taxonomy":"category","embeddable":true,"href":"https:\/\/vocesdebaires.com.ar\/index.php\/wp-json\/wp\/v2\/categories?post=22431"},{"taxonomy":"post_tag","embeddable":true,"href":"https:\/\/vocesdebaires.com.ar\/index.php\/wp-json\/wp\/v2\/tags?post=22431"}],"curies":[{"name":"wp","href":"https:\/\/api.w.org\/{rel}","templated":true}]}}