{"id":22453,"date":"2014-02-14T14:06:39","date_gmt":"2014-02-14T17:06:39","guid":{"rendered":"http:\/\/vocesdebaires.com.ar\/wordpress\/index.php\/2014\/02\/14\/macri-en-la-inauguracion-del-festival-rock-ba\/"},"modified":"2014-02-14T14:06:39","modified_gmt":"2014-02-14T17:06:39","slug":"macri-en-la-inauguracion-del-festival-rock-ba","status":"publish","type":"post","link":"https:\/\/vocesdebaires.com.ar\/index.php\/2014\/02\/14\/macri-en-la-inauguracion-del-festival-rock-ba\/","title":{"rendered":"Macri, en la inauguraci\u00f3n del Festival Rock BA"},"content":{"rendered":"<p><span style=\"line-height: 1.3em;\">El jefe de Gobierno porte\u00f1o, Mauricio Macri, asisti\u00f3 hoy a la inauguraci\u00f3n del festival Rock BA, un evento libre y gratuito que se realizar\u00e1 hasta el domingo pr\u00f3ximo en la Ciudad del Rock, donde el p\u00fablico podr\u00e1 presenciar recitales de las mejores bandas de la actualidad. \u201cEsto vino para quedarse. Buenos Aires es la ciudad de la cultura y el sur necesita vida, oportunidades. Nosotros creamos este espacio para que, no solamente los vecinos de la Ciudad puedan venir a ver recitales, sino que lo haga la gente de otros lugares del pa\u00eds\u201d, sostuvo Macri<\/span><\/p>\n<p><span style=\"line-height: 1.3em;\"> <\/span><span style=\"line-height: 1.3em;\"> Dijo que esta \u201ces una oportunidad para que el p\u00fablico pueda ver a las bandas consagradas y al mismo tiempo descubrir otros grupos nuevos que vienen de la Bienal o de Ciudad Emergente\u201d.<\/span><span style=\"line-height: 1.3em;\"> \u201cEn estos festivales se ven cosas de creatividad y hay que apostar a que los j\u00f3venes tengan la oportunidad de desarrollarse. Este a\u00f1o tenemos adem\u00e1s el Polo Circo, el festival Matem\u00e1ticas y el ya consagrado Festival del Tango\u201d, a\u00f1adi\u00f3.<\/span><span style=\"line-height: 1.3em;\"> Macri concurri\u00f3 a ver el show de apertura junto a la vicejefe de Gobierno, Mar\u00eda Eugenia Vidal; el jefe de Gabinete, Horacio Rodr\u00edguez Larreta; y los ministros de Cultura, Hern\u00e1n Lombardi; de Modernizaci\u00f3n, Andr\u00e9s Ibarra, y de Desarrollo Social, Carolina Stanley.<\/span><\/p>\n<p>Se destacan Los Aut\u00e9nticos Decadentes, Fidel Nadal, Dread Mar I, El Cuarteto de Nos, Illya Kuryaki &amp; The Valderramas, Kapanga, Carajo y Rata Blanca, en un festival que tambi\u00e9n cuenta con las actuaciones de grupos emergentes.<span style=\"line-height: 1.3em;\"> Adem\u00e1s de los conciertos, se organizaron actividades de concientizaci\u00f3n, gastronom\u00eda, entretenimientos, expresiones art\u00edsticas y acciones solidarias.<\/span><span style=\"line-height: 1.3em;\"> Las bandas fueron programadas de acuerdo con sus g\u00e9neros y este a\u00f1o, por primera vez, el heavy metal tiene su espacio.<\/span><span style=\"line-height: 1.3em;\"> El predio cuenta con dos escenarios, donde act\u00faan los grupos entre las 17 y las 20.<\/span><span style=\"line-height: 1.3em;\"> Tambi\u00e9n participan del festival los ganadores de los concursos que organiz\u00f3 el a\u00f1o pasado el Gobierno de la Ciudad: Leandro Lacerna, Antiesceptico, Ayel\u00e9n Secches e Intr\u00e9pidos Navegantes, ganadores de la Bienal 2013 y Desister, ganadores del concurso Vamos Las Bandas 2013.<\/span><span style=\"line-height: 1.3em;\"> A ellos se les suma Leonchalon, que form\u00f3 parte de Ciudad Emergente 2013.<\/span><\/p>\n","protected":false},"excerpt":{"rendered":"<p>El jefe de Gobierno porte\u00f1o, Mauricio Macri, asisti\u00f3 hoy a la inauguraci\u00f3n del festival Rock BA, un evento libre y gratuito que se realizar\u00e1 hasta el domingo pr\u00f3ximo en la Ciudad del Rock, donde el p\u00fablico podr\u00e1 presenciar recitales de las mejores bandas de la actualidad. \u201cEsto vino para quedarse. Buenos Aires es la ciudad [&hellip;]<\/p>\n","protected":false},"author":2,"featured_media":22454,"comment_status":"open","ping_status":"open","sticky":false,"template":"","format":"standard","meta":{"_et_pb_use_builder":"","_et_pb_old_content":"","_et_gb_content_width":"","footnotes":""},"categories":[11,44],"tags":[],"class_list":["post-22453","post","type-post","status-publish","format-standard","has-post-thumbnail","hentry","category-ciudad","category-funcionarios-de-la-caba"],"_links":{"self":[{"href":"https:\/\/vocesdebaires.com.ar\/index.php\/wp-json\/wp\/v2\/posts\/22453"}],"collection":[{"href":"https:\/\/vocesdebaires.com.ar\/index.php\/wp-json\/wp\/v2\/posts"}],"about":[{"href":"https:\/\/vocesdebaires.com.ar\/index.php\/wp-json\/wp\/v2\/types\/post"}],"author":[{"embeddable":true,"href":"https:\/\/vocesdebaires.com.ar\/index.php\/wp-json\/wp\/v2\/users\/2"}],"replies":[{"embeddable":true,"href":"https:\/\/vocesdebaires.com.ar\/index.php\/wp-json\/wp\/v2\/comments?post=22453"}],"version-history":[{"count":0,"href":"https:\/\/vocesdebaires.com.ar\/index.php\/wp-json\/wp\/v2\/posts\/22453\/revisions"}],"wp:featuredmedia":[{"embeddable":true,"href":"https:\/\/vocesdebaires.com.ar\/index.php\/wp-json\/wp\/v2\/media\/22454"}],"wp:attachment":[{"href":"https:\/\/vocesdebaires.com.ar\/index.php\/wp-json\/wp\/v2\/media?parent=22453"}],"wp:term":[{"taxonomy":"category","embeddable":true,"href":"https:\/\/vocesdebaires.com.ar\/index.php\/wp-json\/wp\/v2\/categories?post=22453"},{"taxonomy":"post_tag","embeddable":true,"href":"https:\/\/vocesdebaires.com.ar\/index.php\/wp-json\/wp\/v2\/tags?post=22453"}],"curies":[{"name":"wp","href":"https:\/\/api.w.org\/{rel}","templated":true}]}}