{"id":22464,"date":"2014-02-14T15:10:05","date_gmt":"2014-02-14T18:10:05","guid":{"rendered":"http:\/\/vocesdebaires.com.ar\/wordpress\/index.php\/2014\/02\/14\/macri-festejo\/"},"modified":"2014-02-14T15:10:05","modified_gmt":"2014-02-14T18:10:05","slug":"macri-festejo","status":"publish","type":"post","link":"https:\/\/vocesdebaires.com.ar\/index.php\/2014\/02\/14\/macri-festejo\/","title":{"rendered":"Macri festej\u00f3"},"content":{"rendered":"<p><span style=\"line-height: 1.3em;\">El jefe de Gobierno porte\u00f1o, Mauricio Macri, se mostr\u00f3 conforme con la difusi\u00f3n, por parte del Gobierno nacional, de un nuevo \u00edndice de precios al consumidor. <\/span><span style=\"line-height: 1.3em;\">En su cuenta de Twitter, Macri festej\u00f3 que \u201cse empiece a sincerar la inflaci\u00f3n y se busque recuperar la credibilidad del INDEC\u201d. Agreg\u00f3 que \u201cera un paso necesario. Ahora hay que trabajar para solucionar el problema\u201d. <\/span><span style=\"line-height: 1.3em;\">El diputado del PRO, y ex titular del Banco Ciudad, Federico Stuzenegger expres\u00f3: \u201cFelicito al Gobierno por lo de hoy. Y tambi\u00e9n a mis colegas del Congreso que, por a\u00f1os,mantuvieron la llama de la verdad y obligaron al gobierno a cambiar\u201d.<\/span><\/p>\n<p><span style=\"line-height: 1.3em;\">Macri -quien ayer tambi\u00e9n estuvo en la inauguraci\u00f3n del ciclo de rock- acompa\u00f1\u00f3 adem\u00e1s a la vicejefa de Gobierno, Mar\u00eda Eugenia Vidal, en una recorrida por Esteban Echeverr\u00eda. Continu\u00f3 as\u00ed el trabajo de instalaci\u00f3n de Vidal en territorio bonaerense, donde espera pelear en las elecciones 2015. Macri y Vidal se reunieron con vecinos del Barrio 9 de abril y recorrieron el colegio El Encuentro.<\/span><\/p>\n","protected":false},"excerpt":{"rendered":"<p>El jefe de Gobierno porte\u00f1o, Mauricio Macri, se mostr\u00f3 conforme con la difusi\u00f3n, por parte del Gobierno nacional, de un nuevo \u00edndice de precios al consumidor. En su cuenta de Twitter, Macri festej\u00f3 que \u201cse empiece a sincerar la inflaci\u00f3n y se busque recuperar la credibilidad del INDEC\u201d. Agreg\u00f3 que \u201cera un paso necesario. Ahora [&hellip;]<\/p>\n","protected":false},"author":2,"featured_media":22465,"comment_status":"open","ping_status":"open","sticky":false,"template":"","format":"standard","meta":{"_et_pb_use_builder":"","_et_pb_old_content":"","_et_gb_content_width":"","footnotes":""},"categories":[11,44],"tags":[],"class_list":["post-22464","post","type-post","status-publish","format-standard","has-post-thumbnail","hentry","category-ciudad","category-funcionarios-de-la-caba"],"_links":{"self":[{"href":"https:\/\/vocesdebaires.com.ar\/index.php\/wp-json\/wp\/v2\/posts\/22464"}],"collection":[{"href":"https:\/\/vocesdebaires.com.ar\/index.php\/wp-json\/wp\/v2\/posts"}],"about":[{"href":"https:\/\/vocesdebaires.com.ar\/index.php\/wp-json\/wp\/v2\/types\/post"}],"author":[{"embeddable":true,"href":"https:\/\/vocesdebaires.com.ar\/index.php\/wp-json\/wp\/v2\/users\/2"}],"replies":[{"embeddable":true,"href":"https:\/\/vocesdebaires.com.ar\/index.php\/wp-json\/wp\/v2\/comments?post=22464"}],"version-history":[{"count":0,"href":"https:\/\/vocesdebaires.com.ar\/index.php\/wp-json\/wp\/v2\/posts\/22464\/revisions"}],"wp:featuredmedia":[{"embeddable":true,"href":"https:\/\/vocesdebaires.com.ar\/index.php\/wp-json\/wp\/v2\/media\/22465"}],"wp:attachment":[{"href":"https:\/\/vocesdebaires.com.ar\/index.php\/wp-json\/wp\/v2\/media?parent=22464"}],"wp:term":[{"taxonomy":"category","embeddable":true,"href":"https:\/\/vocesdebaires.com.ar\/index.php\/wp-json\/wp\/v2\/categories?post=22464"},{"taxonomy":"post_tag","embeddable":true,"href":"https:\/\/vocesdebaires.com.ar\/index.php\/wp-json\/wp\/v2\/tags?post=22464"}],"curies":[{"name":"wp","href":"https:\/\/api.w.org\/{rel}","templated":true}]}}