{"id":22470,"date":"2014-02-17T13:24:08","date_gmt":"2014-02-17T16:24:08","guid":{"rendered":"http:\/\/vocesdebaires.com.ar\/wordpress\/index.php\/2014\/02\/17\/macri-dijo-que-busca-fortalecer-al-pro\/"},"modified":"2014-02-17T13:24:08","modified_gmt":"2014-02-17T16:24:08","slug":"macri-dijo-que-busca-fortalecer-al-pro","status":"publish","type":"post","link":"https:\/\/vocesdebaires.com.ar\/index.php\/2014\/02\/17\/macri-dijo-que-busca-fortalecer-al-pro\/","title":{"rendered":"Macri dijo que busca fortalecer al PRO"},"content":{"rendered":"<p><span style=\"line-height: 1.3em;\">Mientras distintos referentes de la alianza de centroizquierda (encabezada por radicales y socialistas) tomaron distancia de una eventual confluencia para las presidenciales 2015 con Mauricio Macri, \u00e9ste sigui\u00f3 de recorrida por el interior. Y tambi\u00e9n se\u00f1al\u00f3 que \u201cno participaremos de ninguna interna con partidos tradicionales, ni nada por el estilo\u201d.<\/span><span style=\"line-height: 1.3em;\">Macri ven\u00eda de mostrarse en C\u00f3rdoba con el diputado radical Oscar Aguad, uno de los que s\u00ed se muestra proclive a una alianza (lo mismo que Elisa Carri\u00f3). Pero Macri, en declaraciones por Radio Mitre, expres\u00f3: \u201cHay una posibilidad de que la gente se d\u00e9 cuenta que no le puede dar el poder a los mismos que gobernaron en los \u00faltimos 30 a\u00f1os porque no produjeron soluciones. El peronismo tiene que hacerse cargo de estos treinta a\u00f1os\u201d.<\/span><\/p>\n<p><span style=\"line-height: 1.3em;\">Tambi\u00e9n se mostr\u00f3 cr\u00edtico con el Frente Renovador de Sergio Massa, con quien hubo algunos acuerdos antes de las legislativas del a\u00f1o pasado: \u201cHay un peronismo que va a intentar reinventarse, diciendo que ellos tambi\u00e9n son la nueva propuesta. Pero el PRO es un frente renovador en serio, que est\u00e1 haciendo algo diferente. Y en 2015 la gente tendr\u00e1 que elegir entre un cambio real, en serio, con gente y valores distintos. O que cambien un par de nombres y sigan los mismos\u201d.<\/span><span style=\"line-height: 1.3em;\">El d\u00eda anterior, al encontrarse con Aguad en la Fiesta del Trigo de Leones, Macri hab\u00eda insinuado la posibilidad de un acercamiento: \u201cNuestra pol\u00edtica, ahora, es fortalecer el PRO como partido. Pero no descartamos un frente en el futuro\u201d.<\/span><\/p>\n","protected":false},"excerpt":{"rendered":"<p>Mientras distintos referentes de la alianza de centroizquierda (encabezada por radicales y socialistas) tomaron distancia de una eventual confluencia para las presidenciales 2015 con Mauricio Macri, \u00e9ste sigui\u00f3 de recorrida por el interior. Y tambi\u00e9n se\u00f1al\u00f3 que \u201cno participaremos de ninguna interna con partidos tradicionales, ni nada por el estilo\u201d.Macri ven\u00eda de mostrarse en C\u00f3rdoba [&hellip;]<\/p>\n","protected":false},"author":2,"featured_media":22471,"comment_status":"open","ping_status":"open","sticky":false,"template":"","format":"standard","meta":{"_et_pb_use_builder":"","_et_pb_old_content":"","_et_gb_content_width":"","footnotes":""},"categories":[11,44],"tags":[],"class_list":["post-22470","post","type-post","status-publish","format-standard","has-post-thumbnail","hentry","category-ciudad","category-funcionarios-de-la-caba"],"_links":{"self":[{"href":"https:\/\/vocesdebaires.com.ar\/index.php\/wp-json\/wp\/v2\/posts\/22470"}],"collection":[{"href":"https:\/\/vocesdebaires.com.ar\/index.php\/wp-json\/wp\/v2\/posts"}],"about":[{"href":"https:\/\/vocesdebaires.com.ar\/index.php\/wp-json\/wp\/v2\/types\/post"}],"author":[{"embeddable":true,"href":"https:\/\/vocesdebaires.com.ar\/index.php\/wp-json\/wp\/v2\/users\/2"}],"replies":[{"embeddable":true,"href":"https:\/\/vocesdebaires.com.ar\/index.php\/wp-json\/wp\/v2\/comments?post=22470"}],"version-history":[{"count":0,"href":"https:\/\/vocesdebaires.com.ar\/index.php\/wp-json\/wp\/v2\/posts\/22470\/revisions"}],"wp:featuredmedia":[{"embeddable":true,"href":"https:\/\/vocesdebaires.com.ar\/index.php\/wp-json\/wp\/v2\/media\/22471"}],"wp:attachment":[{"href":"https:\/\/vocesdebaires.com.ar\/index.php\/wp-json\/wp\/v2\/media?parent=22470"}],"wp:term":[{"taxonomy":"category","embeddable":true,"href":"https:\/\/vocesdebaires.com.ar\/index.php\/wp-json\/wp\/v2\/categories?post=22470"},{"taxonomy":"post_tag","embeddable":true,"href":"https:\/\/vocesdebaires.com.ar\/index.php\/wp-json\/wp\/v2\/tags?post=22470"}],"curies":[{"name":"wp","href":"https:\/\/api.w.org\/{rel}","templated":true}]}}