{"id":22499,"date":"2014-02-20T12:20:53","date_gmt":"2014-02-20T15:20:53","guid":{"rendered":"http:\/\/vocesdebaires.com.ar\/wordpress\/index.php\/2014\/02\/20\/bodartmacri-debilita-la-salud-y-la-educacion-publica\/"},"modified":"2014-02-20T12:20:53","modified_gmt":"2014-02-20T15:20:53","slug":"bodartmacri-debilita-la-salud-y-la-educacion-publica","status":"publish","type":"post","link":"https:\/\/vocesdebaires.com.ar\/index.php\/2014\/02\/20\/bodartmacri-debilita-la-salud-y-la-educacion-publica\/","title":{"rendered":"Bodart:\u201cMacri debilita la salud y la educaci\u00f3n p\u00fablica\u00bb"},"content":{"rendered":"<p><span style=\"line-height: 1.3em;\">Ayer en la puerta del Hospital de Ni\u00f1os Ricardo Guti\u00e9rrez, la interhospitalaria de los trabajadores de la salud junto a docentes y padres que pelean por las vacantes para sus hijos, realizaron un acto conjunto en donde denunciaron los recortes en los presupuestos de salud y educaci\u00f3n, hoy evidenciados en la Resoluci\u00f3n 1657\/13 que recortan las suplencias de guardias en los hospitales y la inscripci\u00f3n online que dejo a miles de chicos sin vacantes. <\/span><\/p>\n<p><span style=\"line-height: 1.3em;\"> El legislador \u00a0Alejandro Bodart (MST-Nueva Izquierda), quien estuvo \u00a0presente, dijo: \u00abHan recortado las suplencias de guardias, lo que implica la rebaja salarial o directamente el despido de alrededor de 1500 profesionales de los hospitales p\u00fablicos y miles de chicos se quedan sin vacantes en las escuelas porte\u00f1as. Este brutal ataque a lo p\u00fablico no provoc\u00f3 la ida de la gente al sector privado como pretende Macri, sino la unidad de todos los trabajadores y las familias para defender sus derechos y evitar que avancen con sus planes\u00bb.<\/span><\/p>\n<p><span style=\"line-height: 1.3em;\">Bodart finaliz\u00f3: \u00abEl viernes a las 11 hs. en el Cabildo, junto a los trabajadores de la salud y los padres x la escuela p\u00fablica, participaremos en la Audiencia P\u00fablica por la Salud convocada por el Juez Gallardo y a la que est\u00e1 citado el Gobierno de la Ciudad. Vamos a sobrepasar la capacidad de la sala y demostrar que somos muchos los que defendemos lo p\u00fablico\u00bb.<\/span><\/p>\n<p><span style=\"line-height: 1.3em;\">Presentaci\u00f3n Legislativa en defensa de la Av. Paseo Col\u00f3n<\/span><\/p>\n<p><span style=\"line-height: 1.3em;\"> <\/span><span style=\"line-height: 1.3em;\"> Ademas el legislador present\u00f3 en la Legislatura un pedido de informes (texto adj.) sobre las obras relacionadas al ensanchamiento de la Av. Paseo Col\u00f3n, que implica desalojo de viviendas familiares y la demolici\u00f3n de edificios hist\u00f3ricos.<\/span><\/p>\n<p><span style=\"line-height: 1.3em;\">Bodart, dijo: \u00abCon este nuevo Metrobus en Paseo Col\u00f3n el Gobierno pretende destruir \u00a0parte de la historia de la Ciudad. A cambio de otra obra de campa\u00f1a para el 2015, Macri quiere demoler la Escuela de Casco Hist\u00f3rico, el CAINA (Centro de Atenci\u00f3n Integral para la Ni\u00f1ez y Adolescencia), un edificio de viviendas y hasta el estacionamiento del Diario \u00c1mbito Financiero\u00bb. Y agreg\u00f3: \u00abJunto a Legisladores de diferentes bloques y a los vecinos agrupados en la `Comisi\u00f3n por la Defensa de la Av. Paseo Col\u00f3n\u00b4 hemos elaborado un pedido de informes para que el Gobierno nos explique que quiere hacer en esta zona\u00bb.<\/span><\/p>\n<p><span style=\"line-height: 1.3em;\">Bodart, finaliz\u00f3: \u00abComo con los otros Metrobuses el macrismo avanza pasando por alto a la Legislatura, las Comunas y a los propios vecinos afectados. No podemos permitir que hagan grandes negocios ignorando la historia de la Ciudad, por eso adem\u00e1s vamos a pedir la protecci\u00f3n integral de los edificios \u00a0afectados\u00bb. <\/span><\/p>\n","protected":false},"excerpt":{"rendered":"<p>Ayer en la puerta del Hospital de Ni\u00f1os Ricardo Guti\u00e9rrez, la interhospitalaria de los trabajadores de la salud junto a docentes y padres que pelean por las vacantes para sus hijos, realizaron un acto conjunto en donde denunciaron los recortes en los presupuestos de salud y educaci\u00f3n, hoy evidenciados en la Resoluci\u00f3n 1657\/13 que recortan [&hellip;]<\/p>\n","protected":false},"author":2,"featured_media":22500,"comment_status":"open","ping_status":"open","sticky":false,"template":"","format":"standard","meta":{"_et_pb_use_builder":"","_et_pb_old_content":"","_et_gb_content_width":"","footnotes":""},"categories":[11,44],"tags":[],"class_list":["post-22499","post","type-post","status-publish","format-standard","has-post-thumbnail","hentry","category-ciudad","category-funcionarios-de-la-caba"],"_links":{"self":[{"href":"https:\/\/vocesdebaires.com.ar\/index.php\/wp-json\/wp\/v2\/posts\/22499"}],"collection":[{"href":"https:\/\/vocesdebaires.com.ar\/index.php\/wp-json\/wp\/v2\/posts"}],"about":[{"href":"https:\/\/vocesdebaires.com.ar\/index.php\/wp-json\/wp\/v2\/types\/post"}],"author":[{"embeddable":true,"href":"https:\/\/vocesdebaires.com.ar\/index.php\/wp-json\/wp\/v2\/users\/2"}],"replies":[{"embeddable":true,"href":"https:\/\/vocesdebaires.com.ar\/index.php\/wp-json\/wp\/v2\/comments?post=22499"}],"version-history":[{"count":0,"href":"https:\/\/vocesdebaires.com.ar\/index.php\/wp-json\/wp\/v2\/posts\/22499\/revisions"}],"wp:featuredmedia":[{"embeddable":true,"href":"https:\/\/vocesdebaires.com.ar\/index.php\/wp-json\/wp\/v2\/media\/22500"}],"wp:attachment":[{"href":"https:\/\/vocesdebaires.com.ar\/index.php\/wp-json\/wp\/v2\/media?parent=22499"}],"wp:term":[{"taxonomy":"category","embeddable":true,"href":"https:\/\/vocesdebaires.com.ar\/index.php\/wp-json\/wp\/v2\/categories?post=22499"},{"taxonomy":"post_tag","embeddable":true,"href":"https:\/\/vocesdebaires.com.ar\/index.php\/wp-json\/wp\/v2\/tags?post=22499"}],"curies":[{"name":"wp","href":"https:\/\/api.w.org\/{rel}","templated":true}]}}