{"id":22514,"date":"2014-02-21T14:30:33","date_gmt":"2014-02-21T17:30:33","guid":{"rendered":"http:\/\/vocesdebaires.com.ar\/wordpress\/index.php\/2014\/02\/21\/barracasproyecto-de-ley-para-homenajear-a-las-victimas\/"},"modified":"2014-02-21T14:30:33","modified_gmt":"2014-02-21T17:30:33","slug":"barracasproyecto-de-ley-para-homenajear-a-las-victimas","status":"publish","type":"post","link":"https:\/\/vocesdebaires.com.ar\/index.php\/2014\/02\/21\/barracasproyecto-de-ley-para-homenajear-a-las-victimas\/","title":{"rendered":"Barracas:Proyecto de ley para homenajear a las v\u00edctimas"},"content":{"rendered":"<p><span style=\"line-height: 1.3em;\"> <\/span><span style=\"line-height: 1.3em;\">La diputada porte\u00f1a (CC-ARI en UNEN) Paula Oliveto present\u00f3 \u00a0un proyecto de ley para que se le otorgue un diploma de Honor al Valor, a los familiares de los diez fallecidos en \u00a0el incendio ocurrido en el barrio porte\u00f1o de barracas el d\u00eda cinco de este, como tambi\u00e9n para que se les adjudique \u00a0un subsidio mensual y vitalicio a sus derechohabientes.<\/span><\/p>\n<p><span style=\"line-height: 1.3em;\">En este sentido y en el marco del proyecto presentado la diputada Oliveto expres\u00f3 que \u201cno debemos ser indiferentes con lo que pas\u00f3, es necesario que el pueblo de la Ciudad de Buenos Aires reconozca y reivindique a las familias de los bomberos y personal de Defensa Civil que murieron en el ejercicio de sus funciones\u201d<\/span><\/p>\n","protected":false},"excerpt":{"rendered":"<p>La diputada porte\u00f1a (CC-ARI en UNEN) Paula Oliveto present\u00f3 \u00a0un proyecto de ley para que se le otorgue un diploma de Honor al Valor, a los familiares de los diez fallecidos en \u00a0el incendio ocurrido en el barrio porte\u00f1o de barracas el d\u00eda cinco de este, como tambi\u00e9n para que se les adjudique \u00a0un subsidio [&hellip;]<\/p>\n","protected":false},"author":2,"featured_media":22515,"comment_status":"open","ping_status":"open","sticky":false,"template":"","format":"standard","meta":{"_et_pb_use_builder":"","_et_pb_old_content":"","_et_gb_content_width":"","footnotes":""},"categories":[11,44],"tags":[],"class_list":["post-22514","post","type-post","status-publish","format-standard","has-post-thumbnail","hentry","category-ciudad","category-funcionarios-de-la-caba"],"_links":{"self":[{"href":"https:\/\/vocesdebaires.com.ar\/index.php\/wp-json\/wp\/v2\/posts\/22514"}],"collection":[{"href":"https:\/\/vocesdebaires.com.ar\/index.php\/wp-json\/wp\/v2\/posts"}],"about":[{"href":"https:\/\/vocesdebaires.com.ar\/index.php\/wp-json\/wp\/v2\/types\/post"}],"author":[{"embeddable":true,"href":"https:\/\/vocesdebaires.com.ar\/index.php\/wp-json\/wp\/v2\/users\/2"}],"replies":[{"embeddable":true,"href":"https:\/\/vocesdebaires.com.ar\/index.php\/wp-json\/wp\/v2\/comments?post=22514"}],"version-history":[{"count":0,"href":"https:\/\/vocesdebaires.com.ar\/index.php\/wp-json\/wp\/v2\/posts\/22514\/revisions"}],"wp:featuredmedia":[{"embeddable":true,"href":"https:\/\/vocesdebaires.com.ar\/index.php\/wp-json\/wp\/v2\/media\/22515"}],"wp:attachment":[{"href":"https:\/\/vocesdebaires.com.ar\/index.php\/wp-json\/wp\/v2\/media?parent=22514"}],"wp:term":[{"taxonomy":"category","embeddable":true,"href":"https:\/\/vocesdebaires.com.ar\/index.php\/wp-json\/wp\/v2\/categories?post=22514"},{"taxonomy":"post_tag","embeddable":true,"href":"https:\/\/vocesdebaires.com.ar\/index.php\/wp-json\/wp\/v2\/tags?post=22514"}],"curies":[{"name":"wp","href":"https:\/\/api.w.org\/{rel}","templated":true}]}}