{"id":22516,"date":"2014-02-21T14:47:17","date_gmt":"2014-02-21T17:47:17","guid":{"rendered":"http:\/\/vocesdebaires.com.ar\/wordpress\/index.php\/2014\/02\/21\/bodarten-vez-de-solucionessuman-problemas\/"},"modified":"2014-02-21T14:47:17","modified_gmt":"2014-02-21T17:47:17","slug":"bodarten-vez-de-solucionessuman-problemas","status":"publish","type":"post","link":"https:\/\/vocesdebaires.com.ar\/index.php\/2014\/02\/21\/bodarten-vez-de-solucionessuman-problemas\/","title":{"rendered":"Bodart:\u201cEn vez de soluciones,suman problemas\u201d"},"content":{"rendered":"<p><span style=\"line-height: 1.3em;\">En el d\u00eda de ayer , padres, docentes y alumnos del Jard\u00edn de Infantes N\u00ba7 D.E 4, realizaron una vigilia en la puerta del establecimiento rechazando la instalaci\u00f3n de aulas containers.<\/span><span style=\"line-height: 1.3em;\">El Diputado Alejandro Bodart (MST- Nueva Izquierda) particip\u00f3 de la actividad y expres\u00f3: \u201cPasan los d\u00edas y la inscripci\u00f3n online solo trae nuevos dolores de cabeza para los padres. Miles no tienen ninguna vacante; chicos que la ten\u00edan ahora no aparecen en los listados; otros aparecieron en escuelas que no eligieron y algunos figuran con el turno opuesto al pedido.<\/span><\/p>\n<p><span style=\"line-height: 1.3em;\"> La situaci\u00f3n se agrava y es por eso que vamos a insistir en la Sesi\u00f3n Especial del mi\u00e9rcoles 26 en pedir la interpelaci\u00f3n a Bullrich para que d\u00e9 respuestas y exigir adem\u00e1s la puesta en marcha de un plan de emergencias, que incluya la utilizaci\u00f3n de edificios ociosos, entre otras medidas, para garantizar vacantes a todos los chicos de la Ciudad\u00bb.<\/span><\/p>\n<p><span style=\"line-height: 1.3em;\">Bodart, agreg\u00f3: \u00abLos padres del jard\u00edn `Casa Amarilla\u00b4 no solo sufren la falta de vacantes, sino que adem\u00e1s tienen que soportar las provocaciones y maltratos de los funcionarios, como pude ver hoy cuando se hizo presente el Viceministro de Educaci\u00f3n Carlos Regazzoni\u00bb. Y finaliz\u00f3: \u00abMa\u00f1ana voy a participar en el corte de la Av. Alte. Brown que realizar\u00e1n pasado el mediod\u00eda, padres de diferentes escuelas de la zona\u00bb.<\/span><\/p>\n","protected":false},"excerpt":{"rendered":"<p>En el d\u00eda de ayer , padres, docentes y alumnos del Jard\u00edn de Infantes N\u00ba7 D.E 4, realizaron una vigilia en la puerta del establecimiento rechazando la instalaci\u00f3n de aulas containers.El Diputado Alejandro Bodart (MST- Nueva Izquierda) particip\u00f3 de la actividad y expres\u00f3: \u201cPasan los d\u00edas y la inscripci\u00f3n online solo trae nuevos dolores de [&hellip;]<\/p>\n","protected":false},"author":2,"featured_media":15727,"comment_status":"open","ping_status":"open","sticky":false,"template":"","format":"standard","meta":{"_et_pb_use_builder":"","_et_pb_old_content":"","_et_gb_content_width":"","footnotes":""},"categories":[11,44],"tags":[],"class_list":["post-22516","post","type-post","status-publish","format-standard","has-post-thumbnail","hentry","category-ciudad","category-funcionarios-de-la-caba"],"_links":{"self":[{"href":"https:\/\/vocesdebaires.com.ar\/index.php\/wp-json\/wp\/v2\/posts\/22516"}],"collection":[{"href":"https:\/\/vocesdebaires.com.ar\/index.php\/wp-json\/wp\/v2\/posts"}],"about":[{"href":"https:\/\/vocesdebaires.com.ar\/index.php\/wp-json\/wp\/v2\/types\/post"}],"author":[{"embeddable":true,"href":"https:\/\/vocesdebaires.com.ar\/index.php\/wp-json\/wp\/v2\/users\/2"}],"replies":[{"embeddable":true,"href":"https:\/\/vocesdebaires.com.ar\/index.php\/wp-json\/wp\/v2\/comments?post=22516"}],"version-history":[{"count":0,"href":"https:\/\/vocesdebaires.com.ar\/index.php\/wp-json\/wp\/v2\/posts\/22516\/revisions"}],"wp:featuredmedia":[{"embeddable":true,"href":"https:\/\/vocesdebaires.com.ar\/index.php\/wp-json\/wp\/v2\/media\/15727"}],"wp:attachment":[{"href":"https:\/\/vocesdebaires.com.ar\/index.php\/wp-json\/wp\/v2\/media?parent=22516"}],"wp:term":[{"taxonomy":"category","embeddable":true,"href":"https:\/\/vocesdebaires.com.ar\/index.php\/wp-json\/wp\/v2\/categories?post=22516"},{"taxonomy":"post_tag","embeddable":true,"href":"https:\/\/vocesdebaires.com.ar\/index.php\/wp-json\/wp\/v2\/tags?post=22516"}],"curies":[{"name":"wp","href":"https:\/\/api.w.org\/{rel}","templated":true}]}}