{"id":22524,"date":"2014-02-24T14:38:32","date_gmt":"2014-02-24T17:38:32","guid":{"rendered":"http:\/\/vocesdebaires.com.ar\/wordpress\/index.php\/2014\/02\/24\/vidal-se-reunio-con-intendenta-de-25-de-mayo\/"},"modified":"2014-02-24T14:38:32","modified_gmt":"2014-02-24T17:38:32","slug":"vidal-se-reunio-con-intendenta-de-25-de-mayo","status":"publish","type":"post","link":"https:\/\/vocesdebaires.com.ar\/index.php\/2014\/02\/24\/vidal-se-reunio-con-intendenta-de-25-de-mayo\/","title":{"rendered":"Vidal se reuni\u00f3 con Intendenta de 25 de Mayo"},"content":{"rendered":"<p><span style=\"line-height: 1.3em;\"> La referente del PRO Mar\u00eda Eugenia Vidal se reuni\u00f3 hoy con la intendenta de 25 de Mayo, Mar\u00eda Victoria Borrego (Coalici\u00f3n C\u00edvica), para analizar temas vinculados a la gesti\u00f3n y coincidieron en que \u00abeste a\u00f1o ser\u00e1 muy complejo\u00bb por la crisis que vive el pa\u00eds. Adem\u00e1s, conversaron sobre la posibilidad de firmar un convenio de intercambio cultural y cooperaci\u00f3n.<\/span><\/p>\n<p><span style=\"line-height: 1.3em;\">Antes de la reuni\u00f3n con la jefa comunal, la dirigente macrista realiz\u00f3 una recorrida por el barrio San Vicente, donde se reuni\u00f3 con un grupo de vecinos que plantearon las dificultades que deben enfrentar luego de la \u00faltima inundaci\u00f3n, el aumento de precios y la falta de obras de infraestructura social (agua potable y cloacas).<\/span><\/p>\n<p><span style=\"line-height: 1.3em;\">Vidal sostuvo, en ese sentido, que \u00aben mayor o menor medida, los problemas en la Provincia se repiten en todos los distritos y la gente est\u00e1 cansada de las promesas incumplidas. No quiere que le digan lo que van a hacer, quiere que le solucionen los problemas\u00bb.<\/span><\/p>\n<p>La vicejefa de gobierno agreg\u00f3: \u00abNo s\u00f3lo el modelo kirchnerista se est\u00e1 agotando, sino una forma de hacer pol\u00edtica que incluye a todo el PJ, que ha sido part\u00edcipe de esa forma de gobernar sin respetar al otro, una forma clientelar de captaci\u00f3n del voto\u00bb.<\/p>\n","protected":false},"excerpt":{"rendered":"<p>La referente del PRO Mar\u00eda Eugenia Vidal se reuni\u00f3 hoy con la intendenta de 25 de Mayo, Mar\u00eda Victoria Borrego (Coalici\u00f3n C\u00edvica), para analizar temas vinculados a la gesti\u00f3n y coincidieron en que \u00abeste a\u00f1o ser\u00e1 muy complejo\u00bb por la crisis que vive el pa\u00eds. Adem\u00e1s, conversaron sobre la posibilidad de firmar un convenio de [&hellip;]<\/p>\n","protected":false},"author":2,"featured_media":22525,"comment_status":"open","ping_status":"open","sticky":false,"template":"","format":"standard","meta":{"_et_pb_use_builder":"","_et_pb_old_content":"","_et_gb_content_width":"","footnotes":""},"categories":[11,44],"tags":[],"class_list":["post-22524","post","type-post","status-publish","format-standard","has-post-thumbnail","hentry","category-ciudad","category-funcionarios-de-la-caba"],"_links":{"self":[{"href":"https:\/\/vocesdebaires.com.ar\/index.php\/wp-json\/wp\/v2\/posts\/22524"}],"collection":[{"href":"https:\/\/vocesdebaires.com.ar\/index.php\/wp-json\/wp\/v2\/posts"}],"about":[{"href":"https:\/\/vocesdebaires.com.ar\/index.php\/wp-json\/wp\/v2\/types\/post"}],"author":[{"embeddable":true,"href":"https:\/\/vocesdebaires.com.ar\/index.php\/wp-json\/wp\/v2\/users\/2"}],"replies":[{"embeddable":true,"href":"https:\/\/vocesdebaires.com.ar\/index.php\/wp-json\/wp\/v2\/comments?post=22524"}],"version-history":[{"count":0,"href":"https:\/\/vocesdebaires.com.ar\/index.php\/wp-json\/wp\/v2\/posts\/22524\/revisions"}],"wp:featuredmedia":[{"embeddable":true,"href":"https:\/\/vocesdebaires.com.ar\/index.php\/wp-json\/wp\/v2\/media\/22525"}],"wp:attachment":[{"href":"https:\/\/vocesdebaires.com.ar\/index.php\/wp-json\/wp\/v2\/media?parent=22524"}],"wp:term":[{"taxonomy":"category","embeddable":true,"href":"https:\/\/vocesdebaires.com.ar\/index.php\/wp-json\/wp\/v2\/categories?post=22524"},{"taxonomy":"post_tag","embeddable":true,"href":"https:\/\/vocesdebaires.com.ar\/index.php\/wp-json\/wp\/v2\/tags?post=22524"}],"curies":[{"name":"wp","href":"https:\/\/api.w.org\/{rel}","templated":true}]}}