{"id":22526,"date":"2014-02-24T14:46:34","date_gmt":"2014-02-24T17:46:34","guid":{"rendered":"http:\/\/vocesdebaires.com.ar\/wordpress\/index.php\/2014\/02\/24\/docentes-esperan-otra-oferta-salarial-o-anunciaran-un-paro\/"},"modified":"2014-02-24T14:46:34","modified_gmt":"2014-02-24T17:46:34","slug":"docentes-esperan-otra-oferta-salarial-o-anunciaran-un-paro","status":"publish","type":"post","link":"https:\/\/vocesdebaires.com.ar\/index.php\/2014\/02\/24\/docentes-esperan-otra-oferta-salarial-o-anunciaran-un-paro\/","title":{"rendered":"Docentes esperan otra oferta salarial o anunciar\u00e1n un paro"},"content":{"rendered":"<p><span style=\"line-height: 1.3em;\">Con la insuficiente propuesta salarial del Gobierno nacional (22% m\u00e1s dos sumas de mil pesos, en junio y diciembre, por presentismo), queda claro que la nueva reuni\u00f3n a la que asistir\u00e1n hoy o ma\u00f1ana los docentes tiene serias posibilidades de fracasar. El peor escenario ser\u00eda que Naci\u00f3n aplique por tercer a\u00f1o consecutivo el aumento de haberes por decreto. Y si eso ocurre, los cinco gremios nacionales, todos ellos cercanos al kirchnerismo, podr\u00edan resolver ir a un paro.<\/span><span style=\"line-height: 1.3em;\">As\u00ed, el inicio de clases para el 5 de marzo en la mayor\u00eda de las provincias, inclusive en Buenos Aires y Ciudad, corre riesgo. Entre esos dos distritos, una huelga afectar\u00eda a m\u00e1s de cinco millones y medio de alumnos.<\/span><\/p>\n<p><span style=\"line-height: 1.3em;\">Stella Maldonado, la titular de CTERA, el sindicato mayoritario, advirti\u00f3 que si el Gobierno \u201cvuelve a ofrecer lo mismo rechazaremos la propuesta y ser\u00e1 motivo de acci\u00f3n directa\u201d. La misma amenaza lanzaron los gremios bonaerenses Suteba (ya tiene aprobado un plan de luchas) y Udocba. El secretario de este \u00faltimo sindicato, Miguel Angel D\u00edaz, advirti\u00f3 ayer v\u00eda Twitter que \u201ciremos al paro por tiempo indeterminado hasta que se entienda que hay que invertir en educaci\u00f3n y pagar a los docentes un salario digno\u201d. El problema es que las partes ni siquiera est\u00e1n cerca. Si bien se especula con que las autoridades nacionales mejoren la oferta en uno o dos puntos, los gremios piden incrementos superiores al 35 por ciento. Pretenden que el salario m\u00ednimo de un maestro sin antig\u00fcedad llegue a $4860. En la actualidad est\u00e1 en $3416.<\/span><\/p>\n<p><span style=\"line-height: 1.3em;\">Desde el Gobierno intentaron bajarle el tono a la discusi\u00f3n. El jefe de Gabinete, Jorge Capitanich, explic\u00f3 que lo que se est\u00e1 discutiendo es el piso del salario. Es decir que luego las provincias deben superarlo. Sin embargo, hasta Hugo Yasky, de la CTA oficialista, calific\u00f3 de \u201cinsostenible\u201d la oferta. Y el panorama se vislumbra sombr\u00edo.<\/span><\/p>\n","protected":false},"excerpt":{"rendered":"<p>Con la insuficiente propuesta salarial del Gobierno nacional (22% m\u00e1s dos sumas de mil pesos, en junio y diciembre, por presentismo), queda claro que la nueva reuni\u00f3n a la que asistir\u00e1n hoy o ma\u00f1ana los docentes tiene serias posibilidades de fracasar. El peor escenario ser\u00eda que Naci\u00f3n aplique por tercer a\u00f1o consecutivo el aumento de [&hellip;]<\/p>\n","protected":false},"author":2,"featured_media":22527,"comment_status":"open","ping_status":"open","sticky":false,"template":"","format":"standard","meta":{"_et_pb_use_builder":"","_et_pb_old_content":"","_et_gb_content_width":"","footnotes":""},"categories":[11,44],"tags":[],"class_list":["post-22526","post","type-post","status-publish","format-standard","has-post-thumbnail","hentry","category-ciudad","category-funcionarios-de-la-caba"],"_links":{"self":[{"href":"https:\/\/vocesdebaires.com.ar\/index.php\/wp-json\/wp\/v2\/posts\/22526"}],"collection":[{"href":"https:\/\/vocesdebaires.com.ar\/index.php\/wp-json\/wp\/v2\/posts"}],"about":[{"href":"https:\/\/vocesdebaires.com.ar\/index.php\/wp-json\/wp\/v2\/types\/post"}],"author":[{"embeddable":true,"href":"https:\/\/vocesdebaires.com.ar\/index.php\/wp-json\/wp\/v2\/users\/2"}],"replies":[{"embeddable":true,"href":"https:\/\/vocesdebaires.com.ar\/index.php\/wp-json\/wp\/v2\/comments?post=22526"}],"version-history":[{"count":0,"href":"https:\/\/vocesdebaires.com.ar\/index.php\/wp-json\/wp\/v2\/posts\/22526\/revisions"}],"wp:featuredmedia":[{"embeddable":true,"href":"https:\/\/vocesdebaires.com.ar\/index.php\/wp-json\/wp\/v2\/media\/22527"}],"wp:attachment":[{"href":"https:\/\/vocesdebaires.com.ar\/index.php\/wp-json\/wp\/v2\/media?parent=22526"}],"wp:term":[{"taxonomy":"category","embeddable":true,"href":"https:\/\/vocesdebaires.com.ar\/index.php\/wp-json\/wp\/v2\/categories?post=22526"},{"taxonomy":"post_tag","embeddable":true,"href":"https:\/\/vocesdebaires.com.ar\/index.php\/wp-json\/wp\/v2\/tags?post=22526"}],"curies":[{"name":"wp","href":"https:\/\/api.w.org\/{rel}","templated":true}]}}