{"id":22550,"date":"2014-02-26T14:04:00","date_gmt":"2014-02-26T17:04:00","guid":{"rendered":"http:\/\/vocesdebaires.com.ar\/wordpress\/index.php\/2014\/02\/26\/bodart-ante-las-sesiones-especiales\/"},"modified":"2014-02-26T14:04:00","modified_gmt":"2014-02-26T17:04:00","slug":"bodart-ante-las-sesiones-especiales","status":"publish","type":"post","link":"https:\/\/vocesdebaires.com.ar\/index.php\/2014\/02\/26\/bodart-ante-las-sesiones-especiales\/","title":{"rendered":"Bodart, ante las sesiones especiales"},"content":{"rendered":"<p><span style=\"line-height: 1.3em;\">El legislador porte\u00f1o Alejandro Bodart (MST-Nueva Izquierda), quien ayer en la Legislatura particip\u00f3 de la conferencia de prensa convocada por padres, gremios y legisladores , anticip\u00f3: \u00abEsteban Bullrich es el mayor responsable de la crisis por la falta de vacantes, en la sesi\u00f3n especial, vamos a defender la propuesta de la Multisectorial por la Escuela P\u00fablica para interpelarlo. El ministro debe venir a la Legislatura a dar explicaciones sobre las vacantes, las aulas containers y a debatir propuestas para resolver el problema. En todo caso, al \u00fanico que hay que dejar sin vacante es a \u00e9l.\u00bb<\/span><\/p>\n<p>En cuanto a la sesi\u00f3n especial posterior, que ser\u00e1 sobre el tema de Venezuela, Bodart agreg\u00f3: \u00abEl macrismo y sectores de UNEN buscan aprovechar las desafortunadas declaraciones de Luis D&#8217;El\u00eda para ocultar su apoyo a los sectores golpistas de Venezuela. Nosotros sostendremos nuestro proyecto de declaraci\u00f3n , de repudio a esos sectores, de defensa de las conquistas de la revoluci\u00f3n bolivariana y que a la vez es cr\u00edtica del gobierno de Nicol\u00e1s Maduro.\u00bb<\/p>\n","protected":false},"excerpt":{"rendered":"<p>El legislador porte\u00f1o Alejandro Bodart (MST-Nueva Izquierda), quien ayer en la Legislatura particip\u00f3 de la conferencia de prensa convocada por padres, gremios y legisladores , anticip\u00f3: \u00abEsteban Bullrich es el mayor responsable de la crisis por la falta de vacantes, en la sesi\u00f3n especial, vamos a defender la propuesta de la Multisectorial por la Escuela [&hellip;]<\/p>\n","protected":false},"author":2,"featured_media":22551,"comment_status":"open","ping_status":"open","sticky":false,"template":"","format":"standard","meta":{"_et_pb_use_builder":"","_et_pb_old_content":"","_et_gb_content_width":"","footnotes":""},"categories":[11,44],"tags":[],"class_list":["post-22550","post","type-post","status-publish","format-standard","has-post-thumbnail","hentry","category-ciudad","category-funcionarios-de-la-caba"],"_links":{"self":[{"href":"https:\/\/vocesdebaires.com.ar\/index.php\/wp-json\/wp\/v2\/posts\/22550"}],"collection":[{"href":"https:\/\/vocesdebaires.com.ar\/index.php\/wp-json\/wp\/v2\/posts"}],"about":[{"href":"https:\/\/vocesdebaires.com.ar\/index.php\/wp-json\/wp\/v2\/types\/post"}],"author":[{"embeddable":true,"href":"https:\/\/vocesdebaires.com.ar\/index.php\/wp-json\/wp\/v2\/users\/2"}],"replies":[{"embeddable":true,"href":"https:\/\/vocesdebaires.com.ar\/index.php\/wp-json\/wp\/v2\/comments?post=22550"}],"version-history":[{"count":0,"href":"https:\/\/vocesdebaires.com.ar\/index.php\/wp-json\/wp\/v2\/posts\/22550\/revisions"}],"wp:featuredmedia":[{"embeddable":true,"href":"https:\/\/vocesdebaires.com.ar\/index.php\/wp-json\/wp\/v2\/media\/22551"}],"wp:attachment":[{"href":"https:\/\/vocesdebaires.com.ar\/index.php\/wp-json\/wp\/v2\/media?parent=22550"}],"wp:term":[{"taxonomy":"category","embeddable":true,"href":"https:\/\/vocesdebaires.com.ar\/index.php\/wp-json\/wp\/v2\/categories?post=22550"},{"taxonomy":"post_tag","embeddable":true,"href":"https:\/\/vocesdebaires.com.ar\/index.php\/wp-json\/wp\/v2\/tags?post=22550"}],"curies":[{"name":"wp","href":"https:\/\/api.w.org\/{rel}","templated":true}]}}