{"id":22566,"date":"2014-02-27T12:10:47","date_gmt":"2014-02-27T15:10:47","guid":{"rendered":"http:\/\/vocesdebaires.com.ar\/wordpress\/index.php\/2014\/02\/27\/legislaturano-se-logro-votar-ninguna-propuesta\/"},"modified":"2014-02-27T12:10:47","modified_gmt":"2014-02-27T15:10:47","slug":"legislaturano-se-logro-votar-ninguna-propuesta","status":"publish","type":"post","link":"https:\/\/vocesdebaires.com.ar\/index.php\/2014\/02\/27\/legislaturano-se-logro-votar-ninguna-propuesta\/","title":{"rendered":"Legislatura:No se logr\u00f3 votar ninguna propuesta"},"content":{"rendered":"<p>Por otro lado, los legisladores representantes de los distintos bloques opositores subrayaron otros argumentos como: \u00abel cierre de m\u00e1s de 100 cursos ocurrido anteriormente y la subejecuci\u00f3n presupuestaria en infraestructura escolar\u00bb, pormenoriz\u00f3 la diputada Virginia Gonz\u00e1lez Gass (PSA); \u00abp\u00e9sima implementaci\u00f3n de este sistema y esconde informaci\u00f3n y priva a los ni\u00f1os que tienen este derecho constitucional\u00bb, expres\u00f3 el diputado Hern\u00e1n Rossi (SUMA +). Tambi\u00e9n sumaron sus argumentos en el mismo sentido los diputados Marcelo Ramal (FIT), Maximiliano Ferraro (CC) y Jos\u00e9 Campagnoli (NE).<\/p>\n<p>&#8212;&#8212;&#8212;&#8212;&#8212;&#8212;&#8212;&#8212;&#8212;&#8212;&#8212;&#8212;&#8212;&#8212;&#8212;&#8212;&#8212;&#8212;&#8212;&#8212;&#8212;-<\/p>\n<p>La Legislatura de la Ciudad Aut\u00f3noma de Buenos Aires se reuni\u00f3 hoy en sesi\u00f3n extraordinaria citada en dos partes, una por la oposici\u00f3n y otra por el PRO. Durante la primera se propuso el tratamiento de \u00a0expedientes relacionados con la inscripci\u00f3n on-line en escuelas de gesti\u00f3n estatal y en la segunda un repudio a dichos de D El\u00eda y a la suspensi\u00f3n del Fiscal Juan Campagnoli.<\/p>\n<p>Los expedientes relacionados con la inscripci\u00f3n on-line presentados por la oposici\u00f3n no fueron habilitados para su votaci\u00f3n porque no reunieron los 40 votos necesarios tratamiento sobre tablas. (Solo obtuvo 32 positivos y 27 en contra).<span style=\"line-height: 1.3em;\">La sesi\u00f3n que fue encabezada por el Vicepresidente Primero, diputado Cristian Ritondo (PRO), comenz\u00f3 a las 16:25 con la presencia de 55 diputados.<\/span><\/p>\n<p>Debate<\/p>\n<p>Los diputados de la oposici\u00f3n coincidieron al considerar que se vive una crisis en la educaci\u00f3n a ra\u00edz de la inscripci\u00f3n on-line y que \u00abentre 9000 y 10.000 chicos no tienen vacantes aseguradas para el 2014 en las escuelas p\u00fablicas porte\u00f1as, cerca de 4000 chicos van a tener que hacer hasta 40 cuadras para llegar al colegio y hermanos ir\u00e1n a distintas instituciones por una decisi\u00f3n tomada por el Gobierno porte\u00f1o\u00bb, afirmaron los diputados Graciela Oca\u00f1a (CP), Alejandro Bodart (MST) y Gustavo Vera (Verde Alameda), entre otros.<\/p>\n<p>Desde el PRO se aleg\u00f3 que \u00abnadie tiene el monopolio de la preocupaci\u00f3n por la educaci\u00f3n p\u00fablica\u00bb y se asegur\u00f3 que \u00aboportunamente el Ministro de Educaci\u00f3n, Esteban Bullrich, concurrir\u00e1 a la Legislatura para dar todas las explicaciones pertinentes.\u00a0<span style=\"line-height: 1.3em;\">La presencia de Bullrich para dar explicaciones acerca de la implementaci\u00f3n de la inscripci\u00f3n, fue reclamada por los diputados Pablo Ferreyra (IP), Hern\u00e1n Arce (PS) y Alejandro Bodart (MST). En tanto, la diputada del Frente para la Victoria Lorena Pokoik se refiri\u00f3 a ese funcionario y asegur\u00f3 que \u00abes una tarea dificil encontrarle soluciones a sus acciones\u00bb. Adem\u00e1s, agreg\u00f3 que con respecto al tema que se trat\u00f3 no deber\u00eda haber oposici\u00f3n ya que todos deben ser parte de la soluci\u00f3n y no del conflicto. Fueron expresadas tambi\u00e9n numerosas cr\u00edticas a las caracter\u00edsticas inadecuadas de la estructura de las \u00abaulas container\u00bb.<\/span><\/p>\n","protected":false},"excerpt":{"rendered":"<p>Por otro lado, los legisladores representantes de los distintos bloques opositores subrayaron otros argumentos como: \u00abel cierre de m\u00e1s de 100 cursos ocurrido anteriormente y la subejecuci\u00f3n presupuestaria en infraestructura escolar\u00bb, pormenoriz\u00f3 la diputada Virginia Gonz\u00e1lez Gass (PSA); \u00abp\u00e9sima implementaci\u00f3n de este sistema y esconde informaci\u00f3n y priva a los ni\u00f1os que tienen este derecho [&hellip;]<\/p>\n","protected":false},"author":2,"featured_media":22567,"comment_status":"open","ping_status":"open","sticky":false,"template":"","format":"standard","meta":{"_et_pb_use_builder":"","_et_pb_old_content":"","_et_gb_content_width":"","footnotes":""},"categories":[11,44],"tags":[],"class_list":["post-22566","post","type-post","status-publish","format-standard","has-post-thumbnail","hentry","category-ciudad","category-funcionarios-de-la-caba"],"_links":{"self":[{"href":"https:\/\/vocesdebaires.com.ar\/index.php\/wp-json\/wp\/v2\/posts\/22566"}],"collection":[{"href":"https:\/\/vocesdebaires.com.ar\/index.php\/wp-json\/wp\/v2\/posts"}],"about":[{"href":"https:\/\/vocesdebaires.com.ar\/index.php\/wp-json\/wp\/v2\/types\/post"}],"author":[{"embeddable":true,"href":"https:\/\/vocesdebaires.com.ar\/index.php\/wp-json\/wp\/v2\/users\/2"}],"replies":[{"embeddable":true,"href":"https:\/\/vocesdebaires.com.ar\/index.php\/wp-json\/wp\/v2\/comments?post=22566"}],"version-history":[{"count":0,"href":"https:\/\/vocesdebaires.com.ar\/index.php\/wp-json\/wp\/v2\/posts\/22566\/revisions"}],"wp:featuredmedia":[{"embeddable":true,"href":"https:\/\/vocesdebaires.com.ar\/index.php\/wp-json\/wp\/v2\/media\/22567"}],"wp:attachment":[{"href":"https:\/\/vocesdebaires.com.ar\/index.php\/wp-json\/wp\/v2\/media?parent=22566"}],"wp:term":[{"taxonomy":"category","embeddable":true,"href":"https:\/\/vocesdebaires.com.ar\/index.php\/wp-json\/wp\/v2\/categories?post=22566"},{"taxonomy":"post_tag","embeddable":true,"href":"https:\/\/vocesdebaires.com.ar\/index.php\/wp-json\/wp\/v2\/tags?post=22566"}],"curies":[{"name":"wp","href":"https:\/\/api.w.org\/{rel}","templated":true}]}}