{"id":2257,"date":"2020-05-07T03:00:00","date_gmt":"2020-05-07T06:00:00","guid":{"rendered":"http:\/\/vocesdebaires.com.ar\/wordpress\/index.php\/2020\/05\/07\/cidadcultural-analizo-la-situacion-del-sector\/"},"modified":"2020-05-07T03:00:00","modified_gmt":"2020-05-07T06:00:00","slug":"cidadcultural-analizo-la-situacion-del-sector","status":"publish","type":"post","link":"https:\/\/vocesdebaires.com.ar\/index.php\/2020\/05\/07\/cidadcultural-analizo-la-situacion-del-sector\/","title":{"rendered":"Cidad:Cultural analiz\u00f3 la situaci\u00f3n del sector"},"content":{"rendered":"<p>La comisi\u00f3n legislativa de Cultura, que preside el legislador Roy Cortina (PS), se reuni\u00f3 ayer en videoconferencia y escuch\u00f3 al director del Complejo Teatral Buenos Aires y presidente del Consejo de Cultura de la Ciudad, Jorge Telerman, quien plante\u00f3 un panorama muy cr\u00edtico de \u201cde uno de los sectores m\u00e1s golpeados\u201d por la crisis de la pandemia. Telerman dijo que como presidente del Consejo donde est\u00e1n representados unos 30 subsectores de ciencias, artes y el \u00e1mbito acad\u00e9mico ha recogido relatos y comentarios preocupantes sobre las penurias de grupos y personas que soportan la falta de actividad y la carencia de ingresos.<\/p>\n<p>Al respecto, ponder\u00f3 que el espacio cultural estatal es el que mejor est\u00e1 preparado para resistir la situaci\u00f3n y para volver a escena en cuanto las autoridades sanitarias lo consideren posible, a\u00fan con las limitaciones presupuestarias que impone el momento y la escala de prioridades determinada por el jefe de Gobierno, Horacio Rodr\u00edguez Larreta. En cuanto a los sectores comercial e independiente de la cultura, se\u00f1al\u00f3 que el ministerio respectivo puso en marcha programas paliativos para la coyuntura del corto plazo mientras se piensan y eval\u00faan formas ordenadas de salida progresiva del parate, que podr\u00eda incluir sistemas de aforos (dosificaci\u00f3n o acotamiento de los lugares para espectadores) y nuevos protocolos.<\/p>\n<p>Mientras tanto, se trabaja en programas espec\u00edficos para adultos mayores, el teatro p\u00fablico est\u00e1 preparado para \u201csalir a la cancha\u201d en cuanto lo autoricen y se considera ya en expandir y regularizar el nuevo canal de expresi\u00f3n aplicado durante este per\u00edodo de aislamiento social que es el programa Cultura en Casa, consistente en la exhibici\u00f3n de obras v\u00eda internet, que \u201cha tenido un \u00e9xito inmenso, con la puesta de diez t\u00edtulos importantes\u201d, enfatiz\u00f3 Telerman. El funcionario cultural y ex gobernador de la Ciudad revalid\u00f3 la importancia de las actividades culturales tambi\u00e9n en lo econ\u00f3mico, laboral y social, por tratarse de una \u201cindustria que genera entre el 8 y el 10 % de todo lo producido\u201d en la metr\u00f3poli.<\/p>\n<p>Coment\u00f3 al respecto que en 2019 se batieron todos los r\u00e9cords hist\u00f3ricos de presentaciones art\u00edsticas y concurrencia de espectadores y que hab\u00eda para el actual 2020 unas \u201cexpectativas tremendas\u201d, malogradas por la emergencia sanitaria. \u00abHay una enorme predisposici\u00f3n de los elencos para encontrar salidas creativas\u201d; \u201cel teatro p\u00fablico es el que m\u00e1s est\u00e1 preparado y adaptado para salir a escena\u201d; el Ministerio de Cultura mantiene l\u00edneas de sostenimiento y ayuda a los privados e independientes; \u201cla vuelta se dar\u00e1 con la garant\u00eda de protocolos seguros y ese ser\u00e1 el primer desaf\u00edo\u201d, fueron otras de las definiciones conceptuales de Telerman ante los diputados porte\u00f1os.<\/p>\n<p>Tambi\u00e9n apunt\u00f3 que se est\u00e1 tomando nota de las definiciones y reacciones en otras grandes ciudades del mundo afectadas por la pandemia y con relevante actividad art\u00edstica, para aprovechar y comparar las experiencias, y pidi\u00f3 a los legisladores que piensen en instrumentos normativos que pudieran elaborarse para algo que \u201clleg\u00f3 para quedarse\u201d, en alusi\u00f3n a la difusi\u00f3n \u201con line\u201d de expresiones culturales, buscando preservar los derechos de autores, actores e int\u00e9rpretes y dem\u00e1s personas o grupos abarcados por ese que hacer. Adem\u00e1s de los mencionados, intervinieron en la reuni\u00f3n de comisi\u00f3n las legisladoras \/os Ma. Luisa Gonz\u00e1lez Estevarena, Carolina Estebarena, Natalia Fidel y Ma. Cecilia Ferrero (VJ); Patricia Vischi y Marcelo Guouman (UCR); Mar\u00eda Bielli y Mat\u00edas Barroetave\u00f1a (FdT).<\/p>\n","protected":false},"excerpt":{"rendered":"<p>La comisi\u00f3n legislativa de Cultura, que preside el legislador Roy Cortina (PS), se reuni\u00f3 ayer en videoconferencia y escuch\u00f3 al director del Complejo Teatral Buenos Aires y presidente del Consejo de Cultura de la Ciudad, Jorge Telerman, quien plante\u00f3 un panorama muy cr\u00edtico de \u201cde uno de los sectores m\u00e1s golpeados\u201d por la crisis de [&hellip;]<\/p>\n","protected":false},"author":1,"featured_media":2258,"comment_status":"open","ping_status":"open","sticky":false,"template":"","format":"standard","meta":{"_et_pb_use_builder":"","_et_pb_old_content":"","_et_gb_content_width":"","footnotes":""},"categories":[11,33],"tags":[],"class_list":["post-2257","post","type-post","status-publish","format-standard","has-post-thumbnail","hentry","category-ciudad","category-sociedad-y-cultura-2"],"_links":{"self":[{"href":"https:\/\/vocesdebaires.com.ar\/index.php\/wp-json\/wp\/v2\/posts\/2257"}],"collection":[{"href":"https:\/\/vocesdebaires.com.ar\/index.php\/wp-json\/wp\/v2\/posts"}],"about":[{"href":"https:\/\/vocesdebaires.com.ar\/index.php\/wp-json\/wp\/v2\/types\/post"}],"author":[{"embeddable":true,"href":"https:\/\/vocesdebaires.com.ar\/index.php\/wp-json\/wp\/v2\/users\/1"}],"replies":[{"embeddable":true,"href":"https:\/\/vocesdebaires.com.ar\/index.php\/wp-json\/wp\/v2\/comments?post=2257"}],"version-history":[{"count":0,"href":"https:\/\/vocesdebaires.com.ar\/index.php\/wp-json\/wp\/v2\/posts\/2257\/revisions"}],"wp:featuredmedia":[{"embeddable":true,"href":"https:\/\/vocesdebaires.com.ar\/index.php\/wp-json\/wp\/v2\/media\/2258"}],"wp:attachment":[{"href":"https:\/\/vocesdebaires.com.ar\/index.php\/wp-json\/wp\/v2\/media?parent=2257"}],"wp:term":[{"taxonomy":"category","embeddable":true,"href":"https:\/\/vocesdebaires.com.ar\/index.php\/wp-json\/wp\/v2\/categories?post=2257"},{"taxonomy":"post_tag","embeddable":true,"href":"https:\/\/vocesdebaires.com.ar\/index.php\/wp-json\/wp\/v2\/tags?post=2257"}],"curies":[{"name":"wp","href":"https:\/\/api.w.org\/{rel}","templated":true}]}}