{"id":22576,"date":"2014-02-28T10:59:28","date_gmt":"2014-02-28T13:59:28","guid":{"rendered":"http:\/\/vocesdebaires.com.ar\/wordpress\/index.php\/2014\/02\/28\/macri-inaugurara-el-xvii-periodo-de-sesiones-ordinarias\/"},"modified":"2014-02-28T10:59:28","modified_gmt":"2014-02-28T13:59:28","slug":"macri-inaugurara-el-xvii-periodo-de-sesiones-ordinarias","status":"publish","type":"post","link":"https:\/\/vocesdebaires.com.ar\/index.php\/2014\/02\/28\/macri-inaugurara-el-xvii-periodo-de-sesiones-ordinarias\/","title":{"rendered":"Macri: Inaugurar\u00e1 el XVII per\u00edodo de Sesiones Ordinarias"},"content":{"rendered":"<p><span style=\"line-height: 1.3em;\">El ingeniero Mauricio Macri concurrir\u00e1 al Recinto del Palacio Legislativo hoy a las 8.30 horas por s\u00e9ptima vez consecutiva para dar cuenta del estado general de la administraci\u00f3n .E inaugurar\u00e1 el decimos\u00e9ptimo per\u00edodo de Sesiones Ordinarias de la Legislatura, seg\u00fan establece la convocatoria realizada a trav\u00e9s del Decreto N\u00ba 069 \/14 firmado por el Vicepresidente Primero a\/c, diputado Cristian Ritondo.<\/span><\/p>\n<p>Tal como lo dispone la Constituci\u00f3n local en el art\u00edculo 105 inciso 3, el Jefe de Gobierno pronunciar\u00e1 un mensaje en el que dar\u00e1 cuenta del estado general de la administraci\u00f3n en presencia del Cuerpo parlamentario y sus autoridades. Adem\u00e1s, asistir\u00e1 el gabinete de ministros entre otras altas autoridades de la ciudad, representantes del Gobierno nacional y del cuerpo diplom\u00e1tico.<\/p>\n<p>Hoy ser\u00e1 la s\u00e9ptima vez que en calidad de Jefe de Gobierno Macri inicie un per\u00edodo parlamentario y ser\u00e1 el responsable del Ejecutivo que m\u00e1s veces protagoniz\u00f3 ese acto hasta el momento. La primera, fue el 1 de marzo de 2008 tras asumir el cargo en diciembre de 2007 luego de haber resultado elegido en junio de ese a\u00f1o con el 60,96 % de los sufragios. Inaugur\u00f3 tambi\u00e9n los per\u00edodos de 2009, 2010 y 2011. En julio de ese a\u00f1o fue reelecto hasta el 2015 con el 64,2 % de los votos, por lo que tambi\u00e9n inaugur\u00f3 los per\u00edodos correspondientes a los a\u00f1os 2012 y 2013. Macri fue diputado nacional por la Ciudad de Buenos Aires entre los a\u00f1os 2005 y 2007. A comienzos del 2003 fund\u00f3 el partido Compromiso para el Cambio que preside desde entonces y desde 2005 integra la alianza PRO (Propuesta Republicana).<\/p>\n<p>El per\u00edodo Ordinario comienza el 1 de marzo y finaliza el 15 de diciembre de cada a\u00f1o, seg\u00fan el art\u00edculo 74 de la carta magna; y los d\u00edas de sesi\u00f3n ser\u00e1n los jueves.<\/p>\n<p>Historial<\/p>\n<p>El primer per\u00edodo de Sesiones Ordinarias de la Legislatura se inaugur\u00f3 el 1 de marzo de 1998 y desde entonces asistieron los responsables del Poder Ejecutivo seg\u00fan se detalla a continuaci\u00f3n:<\/p>\n<p>Per\u00edodo I (1998) y II (1999): Dr. Fernando de la R\u00faa; III (2000): Dr. Enrique Olivera; IV (2001), V (2002), VI (2003), VII (2004) y VIII (2005): Dr. An\u00edbal Ibarra; IX (2006) y X (2007): Jorge Telerman; y la apertura de los per\u00edodos XI (2008), XII (2009), XIII (2010), XIV (2011), XV (2012) y XVI (2013) fue realizada por el ing. Mauricio Macri.<\/p>\n","protected":false},"excerpt":{"rendered":"<p>El ingeniero Mauricio Macri concurrir\u00e1 al Recinto del Palacio Legislativo hoy a las 8.30 horas por s\u00e9ptima vez consecutiva para dar cuenta del estado general de la administraci\u00f3n .E inaugurar\u00e1 el decimos\u00e9ptimo per\u00edodo de Sesiones Ordinarias de la Legislatura, seg\u00fan establece la convocatoria realizada a trav\u00e9s del Decreto N\u00ba 069 \/14 firmado por el Vicepresidente [&hellip;]<\/p>\n","protected":false},"author":2,"featured_media":22577,"comment_status":"open","ping_status":"open","sticky":false,"template":"","format":"standard","meta":{"_et_pb_use_builder":"","_et_pb_old_content":"","_et_gb_content_width":"","footnotes":""},"categories":[11,44],"tags":[],"class_list":["post-22576","post","type-post","status-publish","format-standard","has-post-thumbnail","hentry","category-ciudad","category-funcionarios-de-la-caba"],"_links":{"self":[{"href":"https:\/\/vocesdebaires.com.ar\/index.php\/wp-json\/wp\/v2\/posts\/22576"}],"collection":[{"href":"https:\/\/vocesdebaires.com.ar\/index.php\/wp-json\/wp\/v2\/posts"}],"about":[{"href":"https:\/\/vocesdebaires.com.ar\/index.php\/wp-json\/wp\/v2\/types\/post"}],"author":[{"embeddable":true,"href":"https:\/\/vocesdebaires.com.ar\/index.php\/wp-json\/wp\/v2\/users\/2"}],"replies":[{"embeddable":true,"href":"https:\/\/vocesdebaires.com.ar\/index.php\/wp-json\/wp\/v2\/comments?post=22576"}],"version-history":[{"count":0,"href":"https:\/\/vocesdebaires.com.ar\/index.php\/wp-json\/wp\/v2\/posts\/22576\/revisions"}],"wp:featuredmedia":[{"embeddable":true,"href":"https:\/\/vocesdebaires.com.ar\/index.php\/wp-json\/wp\/v2\/media\/22577"}],"wp:attachment":[{"href":"https:\/\/vocesdebaires.com.ar\/index.php\/wp-json\/wp\/v2\/media?parent=22576"}],"wp:term":[{"taxonomy":"category","embeddable":true,"href":"https:\/\/vocesdebaires.com.ar\/index.php\/wp-json\/wp\/v2\/categories?post=22576"},{"taxonomy":"post_tag","embeddable":true,"href":"https:\/\/vocesdebaires.com.ar\/index.php\/wp-json\/wp\/v2\/tags?post=22576"}],"curies":[{"name":"wp","href":"https:\/\/api.w.org\/{rel}","templated":true}]}}