{"id":22578,"date":"2014-02-28T11:14:30","date_gmt":"2014-02-28T14:14:30","guid":{"rendered":"http:\/\/vocesdebaires.com.ar\/wordpress\/index.php\/2014\/02\/28\/comisiones-y-juntas-autoridades-y-conformacion\/"},"modified":"2014-02-28T11:14:30","modified_gmt":"2014-02-28T14:14:30","slug":"comisiones-y-juntas-autoridades-y-conformacion","status":"publish","type":"post","link":"https:\/\/vocesdebaires.com.ar\/index.php\/2014\/02\/28\/comisiones-y-juntas-autoridades-y-conformacion\/","title":{"rendered":"Comisiones y Juntas: autoridades y conformaci\u00f3n"},"content":{"rendered":"<p><span style=\"line-height: 1.3em;\">El Vicepresidente Primero de la Legislatura de la Ciudad de Buenos Aires, diputado Cristian Ritondo, firm\u00f3 el decreto que establece la integraci\u00f3n de las Comisiones y Juntas de asesoramiento permanente. El PRO preside 12 y las dos Juntas. Otras 7 Comisiones son encabezadas por el interbloque Frente para la Victoria, 4 por el interbloque UNEN y una le corresponde a Confianza P\u00fablica.<\/span><\/p>\n<p>La Vicepresidencia Primera de la Legislatura de la Ciudad de Buenos Aires emiti\u00f3 el Decreto N\u00ba 1 \/ 2014 que establece la integraci\u00f3n de las Comisiones y Juntas de asesoramiento permanente. El Considerando del acto administrativo afirma que se concret\u00f3 luego de consultar a los bloques parlamentarios respetando la proporcionalidad de la representaci\u00f3n pol\u00edtica de cada sector, seg\u00fan lo dispuesto por la Resoluci\u00f3n 323 aprobada en la Sesi\u00f3n Preparatoria del 3 de diciembre de 2013.<\/p>\n<p>Tras la renovaci\u00f3n de la c\u00e1mara ocurrida en diciembre pasado se conformaron las veinticuatro Comisiones y las dos Juntas de asesoramiento permanente de la Legislatura porte\u00f1a. El decreto firmado por el Vicepresidente Primero, Diputado Cristian Ritondo (PRO) y el Secretario Parlamentario Carlos Seraf\u00edn P\u00e9rez, contiene la propuesta de los distintos bloques y comunica que el oficialismo preside doce Comisiones y dos Juntas, y el interbloque del Frente para la Victoria siete Comisiones. En tanto, el interbloque UNEN tiene cuatro y Confianza P\u00fablica una Comisi\u00f3n.<\/p>\n<p>El PRO preside las Comisiones de asesoramiento permanente de Presupuesto, Asuntos Constitucionales, Obras y Servicios P\u00fablicos, Planeamiento Urbano, Educaci\u00f3n, Salud, Cultura, \u00a0Justicia, Seguridad, Legislaci\u00f3n del Trabajo, Promoci\u00f3n Social y Protecci\u00f3n y Uso del Espacio P\u00fablico. Adem\u00e1s, las Juntas de \u00c9tica e Interpretaci\u00f3n y Reglamento.<\/p>\n<p>Por su parte el interbloque del Frente para la Victoria tiene la presidencia de las Comisiones de Derechos Humanos, Descentralizaci\u00f3n, Mujer, Infancia, Adolescencia y Juventud; \u00a0Relaciones Interjurisdiccionales, Tr\u00e1nsito y Transporte, Defensa de Consumidores y Comunicaci\u00f3n Social. Quedaron en manos del interbloque UNEN Vivienda, Desarrollo Econ\u00f3mico, Ambiente y Legislaci\u00f3n General. Confianza P\u00fablica preside Turismo y Deportes.<\/p>\n<p>La integraci\u00f3n y presidencias de las Comisiones y Juntas de asesoramiento permanente se defini\u00f3 -seg\u00fan expresa el Considerando del decreto- luego de realizadas \u00ablas consultas correspondientes con los respectivos bloques parlamentarios (&#8230;) respetando la proporcionalidad de la representaci\u00f3n pol\u00edtica de cada sector\u00bb. El detalle de los nombramientos es el siguiente:<\/p>\n<p>PRESUPUESTO, HACIENDA, ADMINSTRACI\u00d3N FINANCIERA Y POL\u00cdTICA TRIBUTARIA<\/p>\n<p>Alejandro Garc\u00eda &#8211; Presidente (PRO), Jorge Taiana, Juan Nosiglia, Oscar Moscariello, Agust\u00edn Forchieri, Helio Rebot, Cristian Ritondo, Carmen Polledo, Roberto Quattromano, Jorge Garayalde, Juan Pablo Arenaza, Enzo Pagani, Karina Spalla, Gabriela Alegre, Mar\u00eda Rosa Mui\u00f1os, Jos\u00e9 Campagnoli, An\u00edbal Ibarra, Claudio Palmeyro, Paula Oliveto Lago, Hern\u00e1n Arce.<\/p>\n<p>ASUNTOS CONSTITUCIONALES<\/p>\n<p>Heli Rebot &#8211; Presidente (PRO), Jorge Taiana, Oscar Moscariello, H\u00e9ctor Huici, Alejandro Garc\u00eda, Jos\u00e9 Luis Acevedo, Daniel Presti, Francisco Quintana, Enzo Pagani, Mar\u00eda Eugenia Estenssoro, Maximiliano Ferraro, Gabriela Cerruti, An\u00edbal Ibarra, Hern\u00e1n Arce, Dante Gullo.<\/p>\n<p>OBRAS Y SERVICIOS P\u00daBLICOS<\/p>\n<p>Enzo Pagani &#8211; Presidente (PRO), Graciela Oca\u00f1a, H\u00e9ctor Huici, Jos\u00e9 Luis Acevedo, Roberto Quattromano, Jorge Garayalde, Cristian Ritondo, Karina Spalla, Juan Nosiglia, Paula Oliveto Lago, Virginia Gonz\u00e1lez Gass, Claudia Neira, Jorge Arag\u00f3n, Gabriel Fuks, Gabriela Cerruti.<\/p>\n<p>PLANEAMIENTO URBANO<\/p>\n<p>Karina Spalla &#8211; Presidente (PRO), Mar\u00eda Rosa Mui\u00f1os, Agust\u00edn Forchieri, Daniel Presti, Federico Salvai, Helio Rebot, Roberto Quttromano, Cristian Ritondo, Gabriela Seijo, Gabriela Alegre, Claudio Palmeyro, An\u00edbal Ibarra, Pablo Bergel, Javier Gentilini, Juan Nosiglia.<\/p>\n<p>EDUCACI\u00d3N, CIENCIA Y TECNOLOG\u00cdA<\/p>\n<p>Victoria Morales Gorleri &#8211; Presidenta (PRO), Maximiliano Ferraro, Lorena Pokoik, L\u00eda Rueda, Diana Mart\u00ednez Barrios, Karina Spalla, Iv\u00e1n Petrella, Jos\u00e9 Luis Acevedo, Enzo Pagani, Raquel Herrero, Mar\u00eda Eugenia Estenssoro, Virginia Gonz\u00e1lez Gass, Paula Penacca, Jos\u00e9 Campagnoli, Pablo Ferreyra.<\/p>\n<p>SALUD<\/p>\n<p>Raquel Herrero &#8211; Presidenta (PRO), Graciela Oca\u00f1a, L\u00eda Rueda, Federico Salvai, Francisco Quintana, Victoria Morales Gorleri, Victoria Rold\u00e1n M\u00e9ndez, Juan Pablo Arenaza, Gustavo Vera, Hern\u00e1n Rossi, Jorge Arag\u00f3n, Mar\u00eda Rachid, Edgardo Form.<\/p>\n<p>DERECHOS HUMANOS, GARANT\u00cdAS Y ANTIDISCRIMINACI\u00d3N<\/p>\n<p>Mar\u00eda Rachid &#8211; Presidenta (FpV), Cecilia de la Torre, H\u00e9ctor Huici, Daniel Lipovetzky, Raquel Herrero, Alejandra Caballero, Victoria Rold\u00e1n M\u00e9ndez, Mart\u00edn Ocampo, Maximiliano Ferraro, Hern\u00e1n Arce, Gabriela Alegre, Jos\u00e9 Campagnoli, Her\u00e1n Rossi.<\/p>\n<p>CULTURA<\/p>\n<p>L\u00eda Rueda &#8211; Presidenta (PRO), Susana Rinaldi, Oscar Moscariello, Diana Mart\u00ednez Barrios, Cecilia de la Torre, Alejandra Caballero, Juan Pablo Arenaza, Gabriela Seijo, Gustavo Vera, Lorena Pokoik, Edgardo Form, Pablo Ferreyra, Mar\u00eda Eugenia Estenssoro.<\/p>\n<p>DESCENTRALIZACI\u00d3N Y PARTICIPACI\u00d3N CIUDADANA<\/p>\n<p>Mar\u00eda Rosa Mui\u00f1os &#8211; Presidenta (FpV), Jos\u00e9 Luis Acevedo, H\u00e9ctor Huici, Victoria Rold\u00e1n M\u00e9ndez, Alejandra Caballero, Mart\u00edn Ocampo, Roberto Quattromano, Mar\u00eda In\u00e9s Gorbea, Pablo Bergel, Cristina Garc\u00eda de Auteneche, Paula Penacca, Gabriel Fuks, Jos\u00e9 Campagnoli.<\/p>\n<p>JUSTICIA<\/p>\n<p>Francisco Quintana &#8211; Presidente (PRO), Dante Gullo, H\u00e9ctor Huici, Alejandro Garc\u00eda, Helio Rebot, Jorge Garayalde, Daniel Lipovetzky, Enzo Pagani, Mar\u00eda In\u00e9s Gorbea, Paula Oliveto Lago, Graciela Oca\u00f1a, Gabriela Cerruti, Jorge Taiana.<\/p>\n<p>SEGURIDAD<\/p>\n<p>Daniel Presti &#8211; Presidente (PRO), Cladia Neira, Cecilia de la Torre, Christian Bauab, Alejandro Garc\u00eda, Helio Rebot, Francisco Quintana, Juan Pablo Arenaza, Gustavo Vera, Lorena Pokoik, Claudio Palmeyro, Hern\u00e1n Rossi, Pablo Ferreyra.<\/p>\n<p>VIVIENDA<\/p>\n<p>Javier Genilini &#8211; Presidente (PSur-UNEN), Cecilia de la Torre, L\u00eda Rueda, Alajandra Caballero, Jos\u00e9 Luis Acevedo, Cristian Ritondo, Christian Bauab, Mart\u00edn Ocampo, Marcelo Ramal, Gustavo Vera, Paula Penacca, Jorge Taiana, Jorge Arag\u00f3n.<\/p>\n<p>DESARROLLO ECON\u00d3MICO, MERCOSUR Y POL\u00cdTICAS DE EMPLEO<\/p>\n<p>Paula Oliveto Lago &#8211; Presidenta (CC-UNEN), Mart\u00edn Ocampo, H\u00e9ctor Huici, Daniel Lipovetzky, Jorge Garayalde, Christian Bauab, Juan Nosiglia, Edgardo Form, Lorena Pokoik, Gabriel Fuks, Claudio Palmeyro.<\/p>\n<p>AMBIETE<\/p>\n<p>Mar\u00eda Eugenia Estenssoro &#8211; Presidenta (SUMA+ UNEN), Gabriela Seijo, Jos\u00e9 Campagnoli, Diana Mart\u00ednez Barrios, Agust\u00edn Forchieri, Victoria Rold\u00e1n M\u00e9ndez, Susana Rinaldi, Paula Penacca, Pablo Bergel, Cecilia de la Torre, Mart\u00edn Ocampo.<\/p>\n<p>LEGISLACI\u00d3N DEL TRABAJO<\/p>\n<p>Christian Bauab &#8211; Presidente (PRO), Mar\u00eda In\u00e9s Gorbea, Gabriela Seijo, Daniel Lipovetzky, Iv\u00e1n Petrella, Frnacisco Quintana, Marcelo Ramal, Dante Gullo, Mar\u00eda Rachid.<\/p>\n<p>LEGISLACI\u00d3N GENERAL<\/p>\n<p>Hern\u00e1n Arce &#8211; Presidente (PS &#8211; UNEN), Christian Bauab, Gabriel Fuks, Claudia Neira, Daniel Lipovetzky, Carmen Polledo, Karina Spalla, Diana Mart\u00ednez Barrios, Alejandro Bodart.<\/p>\n<p>MUJER, INFANCIA, ADOLESCENCIA Y JUVENTUD<\/p>\n<p>Claudia Neira &#8211; Presidenta (FpV), Virginia Gonz\u00e1lez Gass, Mart\u00edn Ocampo, Cecilia de la Torre, Raquel Herrero, Victoria Morales Gorleri, Victoria Rold\u00e1n M\u00e9ndez, Mar\u00eda Rachid, Pablo Ferreyra.<\/p>\n<p>RELACIONES INTERJURISDICCIONALES<\/p>\n<p>Gabriel Fuks &#8211; Presidente (FpV), Alejandra Caballero, Roberto Quattromano, Christian Bauab, Iv\u00e1n Petrella, Gariela Seijo, An\u00edbal Ibarra, Hern\u00e1n Arce, Cristina Garc\u00eda de Aurteneche.<\/p>\n<p>POL\u00cdTICAS DE PROMOCI\u00d3N E INTEGRACI\u00d3N SOCIAL<\/p>\n<p>Juan Pablo Arenaza &#8211; Presidente (PRO), Claudia Neira, L\u00eda Rueda, Federico Salvai, Victoria Morales Gorleri, Iv\u00e1n Petrella, Mar\u00eda In\u00e9s Gorbea, Jorge Arag\u00f3n, Virgina Gonz\u00e1lez Gass.<\/p>\n<p>TR\u00c1NSITO Y TRANSPORTE<\/p>\n<p>Claudio Palmeyro &#8211; Presidente (SP &#8211; FpV), Raquel Herrero, H\u00e9ctor Huici, Daniel Presti, Jos\u00e9 Luis Acevedo, Enzo Pagani, Crstina Garc\u00eda de Aurteneche, Maximiliano Ferraro, Gabriela Cerruti.<\/p>\n<p>PROTECCI\u00d3N Y USO DEL ESAPACIO P\u00daBLICO<\/p>\n<p>Jos\u00e9 Luis Acevedo &#8211; Presidente (PRO), Paula Penacca, L\u00eda Rueda, Cecilia de la Torre, Agust\u00edn Forchieri, Juan Pablo Arenaza, Cristina Garc\u00eda de Aurteneche, Mar\u00eda Rachid, Pablo Bergel.<\/p>\n<p>TURSIMO Y DEPORTE<\/p>\n<p>Graciela Oca\u00f1a &#8211; Presidenta (CP), Roberto Quattromano, Victoria Morales Gorleri, Cecilia de la Torre, Jorge Garayalde, Mar\u00eda Rosa Mui\u00f1os, Jorge Arag\u00f3n, Dante Gullok, Paula Oliveto Lago.<\/p>\n<p>DEFENSA DE CONSUMIDORES Y USUARIOS<\/p>\n<p>Edgardo Form &#8211; Presidente (NE &#8211; FpV), Federico Salvai, Daniel Lipovetzky, Juan Nosiglia, Victoria Rod\u00e1n M\u00e9ndez, Iv\u00e1n Petrella, Gabriel Fuks.<\/p>\n<p>COMUNICACI\u00d3N SOCIAL<\/p>\n<p>Susana Rinaldi &#8211; Presidenta (FPP-FpV), Victoria Rold\u00e1n M\u00e9ndez, Carmen Polledo, Francisco Quintana, Alejandro Garc\u00eda, Lorena Pokoik, Hern\u00e1n Rossi.<\/p>\n<p>JUNTA DE \u00c9TICA, ACUERDO Y ORGANISMOS DE CONTROL<\/p>\n<p>Jorge Garayalde &#8211; Presidente (PRO), Paula Oliveto Lago, Agust\u00edn Forchieri, Carmen Polledo, Daniel Presti, Federico Salvai, Gabrielo Seijo, Cristina Garc\u00eda de Aurteneche, Gabriela Alegre, Mar\u00eda Rosa Mui\u00f1os, Paula Penacca.<\/p>\n<p>JUNTA DE INTERPRETACI\u00d3N Y REGLAMENTO<\/p>\n<p>Christian Bauab &#8211; Presidente (PRO), Mar\u00eda In\u00e9s Gorbea, Gabriela Seijo, Daniel Lipovetzky, Ev\u00e1n Petrella, Francisco Quintana, Marcelo Ramal, Dante Gullo, Mar\u00eda Rachid.<\/p>\n","protected":false},"excerpt":{"rendered":"<p>El Vicepresidente Primero de la Legislatura de la Ciudad de Buenos Aires, diputado Cristian Ritondo, firm\u00f3 el decreto que establece la integraci\u00f3n de las Comisiones y Juntas de asesoramiento permanente. El PRO preside 12 y las dos Juntas. Otras 7 Comisiones son encabezadas por el interbloque Frente para la Victoria, 4 por el interbloque UNEN [&hellip;]<\/p>\n","protected":false},"author":2,"featured_media":22579,"comment_status":"open","ping_status":"open","sticky":false,"template":"","format":"standard","meta":{"_et_pb_use_builder":"","_et_pb_old_content":"","_et_gb_content_width":"","footnotes":""},"categories":[11,44],"tags":[],"class_list":["post-22578","post","type-post","status-publish","format-standard","has-post-thumbnail","hentry","category-ciudad","category-funcionarios-de-la-caba"],"_links":{"self":[{"href":"https:\/\/vocesdebaires.com.ar\/index.php\/wp-json\/wp\/v2\/posts\/22578"}],"collection":[{"href":"https:\/\/vocesdebaires.com.ar\/index.php\/wp-json\/wp\/v2\/posts"}],"about":[{"href":"https:\/\/vocesdebaires.com.ar\/index.php\/wp-json\/wp\/v2\/types\/post"}],"author":[{"embeddable":true,"href":"https:\/\/vocesdebaires.com.ar\/index.php\/wp-json\/wp\/v2\/users\/2"}],"replies":[{"embeddable":true,"href":"https:\/\/vocesdebaires.com.ar\/index.php\/wp-json\/wp\/v2\/comments?post=22578"}],"version-history":[{"count":0,"href":"https:\/\/vocesdebaires.com.ar\/index.php\/wp-json\/wp\/v2\/posts\/22578\/revisions"}],"wp:featuredmedia":[{"embeddable":true,"href":"https:\/\/vocesdebaires.com.ar\/index.php\/wp-json\/wp\/v2\/media\/22579"}],"wp:attachment":[{"href":"https:\/\/vocesdebaires.com.ar\/index.php\/wp-json\/wp\/v2\/media?parent=22578"}],"wp:term":[{"taxonomy":"category","embeddable":true,"href":"https:\/\/vocesdebaires.com.ar\/index.php\/wp-json\/wp\/v2\/categories?post=22578"},{"taxonomy":"post_tag","embeddable":true,"href":"https:\/\/vocesdebaires.com.ar\/index.php\/wp-json\/wp\/v2\/tags?post=22578"}],"curies":[{"name":"wp","href":"https:\/\/api.w.org\/{rel}","templated":true}]}}