{"id":22580,"date":"2014-02-28T13:49:15","date_gmt":"2014-02-28T16:49:15","guid":{"rendered":"http:\/\/vocesdebaires.com.ar\/wordpress\/index.php\/2014\/02\/28\/ritondo-celebro-el-llamado-de-macri-a-la-paz-social\/"},"modified":"2014-02-28T13:49:15","modified_gmt":"2014-02-28T16:49:15","slug":"ritondo-celebro-el-llamado-de-macri-a-la-paz-social","status":"publish","type":"post","link":"https:\/\/vocesdebaires.com.ar\/index.php\/2014\/02\/28\/ritondo-celebro-el-llamado-de-macri-a-la-paz-social\/","title":{"rendered":"Ritondo celebr\u00f3 el llamado de Macri a la paz social"},"content":{"rendered":"<p><span style=\"line-height: 1.3em;\">El jefe de Gobierno porte\u00f1o, Mauricio Macri, se present\u00f3 esta ma\u00f1ana \u00a0las 9.15 en el recinto de la Legislatura de la Ciudad Aut\u00f3noma de Buenos Aires y dej\u00f3 inauguradas las sesiones ordinarias del Parlamento local para este a\u00f1o. <\/span>Comenz\u00f3<span style=\"line-height: 1.3em;\"> diciendo que este a\u00f1os <\/span>ser\u00e1<span style=\"line-height: 1.3em;\"> desafiante para todos nosotros, vivimos en el contexto de un <\/span>pa\u00eds<span style=\"line-height: 1.3em;\"> con turbulencia , donde la <\/span>aceleraci\u00f3n<span style=\"line-height: 1.3em;\"> de la <\/span>inflaci\u00f3n<span style=\"line-height: 1.3em;\"> ha impactado de lleno en nuestros comportamientos y en nuestros <\/span>desaf\u00edos<span style=\"line-height: 1.3em;\"> como gobernante . \u00a0El vicepresidente 1\u00ba de la Legislatura, Cristian Ritondo, celebr\u00f3 la decisi\u00f3n del Jefe del Gobierno, Mauricio Macri, de poner a disposici\u00f3n, m\u00e1s all\u00e1 de las diferencias pol\u00edticas, para que estos a\u00f1os transcurra en paz social y en unidad entre todos los argentinos.<\/span><\/p>\n<p><span style=\"line-height: 1.3em;\">Ritondo agreg\u00f3 \u00abCelebramos los anuncios del Jefe de Gobierno porte\u00f1o Mauricio Macri de pensar en una pol\u00edtica de largo Plazo. Fue un mensaje de dialogo y pluralista, realista, acertado amable, y moderado. Macri sigue ofreciendo a los porte\u00f1os y al pa\u00eds una imagen de di\u00e1logo y convivencia. Esto es la contracara de los que tiene visi\u00f3n centralista del discurso \u00fanico, una visi\u00f3n distorsionada con el relato\u00bb, agreg\u00f3.<\/span><span style=\"line-height: 1.3em;\">Para Ritondo, \u00abMacri habl\u00f3 de la Argentina del di\u00e1logo, la diversidad de ideas y la capacidad de disentir. Una sociedad donde se compita pol\u00edticamente desde la virtud y no desde la chicana y la obstrucci\u00f3n. Coincidimos plenamente en la capacidad del di\u00e1logo. En nuestro gobierno siempre van a encontrar las puestas abiertas para dialogar.<\/span><\/p>\n<p><span style=\"line-height: 1.3em;\">\u00abCoincidimos en un 100 % con Macri que la pol\u00edtica es un servicio p\u00fablico. Todos tenemos una enorme responsabilidad de cuidar el dinero de los vecinos. Qued\u00f3 claro a nosotros nos preocupan los mismos temas que a la gente, y por eso nos ocupamos. Todos nuestros proyectos fueron transformaciones pensadas en el bienestar de los vecinos\u00bb.<\/span><span style=\"line-height: 1.3em;\">\u00abAplaudimos la decisi\u00f3n de de seguir adelante con la pol\u00edtica de que Buenos Aires sea una ciudad verde, es decir una ciudad habitable con todos comprometidos en la lucha del cambio clim\u00e1tico\u00bb, dijo Ritondo quien agreg\u00f3 \u00bb la reducci\u00f3n de residuos, el plan de Movilidad sustentable y el plan de ampliaci\u00f3n de espacios verdes son algunos ejemplos para la ciudad que queremos todos<\/span><\/p>\n<p><span style=\"line-height: 1.3em;\">Ritondo record\u00f3 que la Legislatura esta cumpliendo en un 100 % con la separaci\u00f3n y reciclaje de residuos. Queremos llegar al compromiso de cumplir con la Ley de Basura Cero, es por eso que hace dos a\u00f1os empezamos a trabajar con las diversas tareas que deb\u00edamos realizar, ya que la Legislatura produce muchos residuos. Dentro de poco inauguraremos terrazas verdes en la Legislatura, el primer edificio \u00ableed\u00bb, sistema de certificaci\u00f3n de edificios sostenibles con paneles solares\u00bb.<\/span><span style=\"line-height: 1.3em;\">Ritondo celebr\u00f3 \u00abla decisi\u00f3n del Jefe de Gobierno de poner en discusi\u00f3n, la Creaci\u00f3n del Instituto de Calidad y Equidad Educativa, para ayudar a evaluar seriamente y mejorar nuestra educaci\u00f3n.<\/span><\/p>\n<p><span style=\"line-height: 1.3em;\">Respecto al tema educativo, Ritondo \u00abrecord\u00f3 que cuando llegamos al gobierno hace un poco mas de 6 a\u00f1os, la crisis edilicia era insostenible. Hoy no s\u00f3lo hemos solucionado todos los problemas edilicios sino que hemos creado m\u00e1s de 7.000 nuevos cargos docentes. Por supuesto que falta, pero estamos mejor que hace 6 a\u00f1os. Hoy tenemos cobertura total de vacantes para salas de 4 y 5 a\u00f1os y estamos en camino de lograr lo mismo para las salas de 3 a\u00f1os. <\/span><\/p>\n<p><span style=\"line-height: 1.3em;\">Por su parte la diputada Raquel Herrero (PRO), elogi\u00f3 la decisi\u00f3n del Jefe de Gobierno, Mauricio Macri, de \u00bb seguir trabajando para tener el mejor sistema de salud gratuita y de calidad\u00bb. <\/span><span style=\"line-height: 1.3em;\">\u00abEs importante contar con un servicio eficiente como el SAME \u00a0y un sistema de atenci\u00f3n primaria cada vez \u00a0m\u00e1s cerca de la gente con la incorporaci\u00f3n de un sistema de turnos telef\u00f3nicos en los hospitales como el Sard\u00e1, Ramos mej\u00eda, Durand, Penna, \u00a0Santojani, entre otros\u00bb, dijo Herrero.<\/span><\/p>\n<p><span style=\"line-height: 1.3em;\">En tanto el diputado Jorge Garayalde (PRO), celebr\u00f3 tambi\u00e9n \u00abla decisi\u00f3n de seguir fortaleciendo la Red de Protecci\u00f3n Social que hoy alcanza a 850 mil personas y la construcci\u00f3n de la Villa Ol\u00edmpica con capacidad para m\u00e1s de 6.000 mil personas teniendo en cuenta que la ciudad ha sido designada como sede de los Juegos Ol\u00edmpicos de la Juventud 2018. \u00abEse espacio despu\u00e9s ser\u00e1 destinada a viviendas sociales\u00bb.<\/span><span style=\"line-height: 1.3em;\">Finalmente, Ritondo, convoc\u00f3 a toda la oposici\u00f3n a trabajar en conjunto para defender los intereses de la ciudad \u00abpor encima de las bander\u00edas pol\u00edticas. No importan de que partido sean. Hay que hacer un Buenos Aires sustentable, con mayor seguridad, con mejor educaci\u00f3n y con mejor salud p\u00fablica\u00bb.<\/span><\/p>\n","protected":false},"excerpt":{"rendered":"<p>El jefe de Gobierno porte\u00f1o, Mauricio Macri, se present\u00f3 esta ma\u00f1ana \u00a0las 9.15 en el recinto de la Legislatura de la Ciudad Aut\u00f3noma de Buenos Aires y dej\u00f3 inauguradas las sesiones ordinarias del Parlamento local para este a\u00f1o. Comenz\u00f3 diciendo que este a\u00f1os ser\u00e1 desafiante para todos nosotros, vivimos en el contexto de un pa\u00eds [&hellip;]<\/p>\n","protected":false},"author":2,"featured_media":22581,"comment_status":"open","ping_status":"open","sticky":false,"template":"","format":"standard","meta":{"_et_pb_use_builder":"","_et_pb_old_content":"","_et_gb_content_width":"","footnotes":""},"categories":[11,44],"tags":[],"class_list":["post-22580","post","type-post","status-publish","format-standard","has-post-thumbnail","hentry","category-ciudad","category-funcionarios-de-la-caba"],"_links":{"self":[{"href":"https:\/\/vocesdebaires.com.ar\/index.php\/wp-json\/wp\/v2\/posts\/22580"}],"collection":[{"href":"https:\/\/vocesdebaires.com.ar\/index.php\/wp-json\/wp\/v2\/posts"}],"about":[{"href":"https:\/\/vocesdebaires.com.ar\/index.php\/wp-json\/wp\/v2\/types\/post"}],"author":[{"embeddable":true,"href":"https:\/\/vocesdebaires.com.ar\/index.php\/wp-json\/wp\/v2\/users\/2"}],"replies":[{"embeddable":true,"href":"https:\/\/vocesdebaires.com.ar\/index.php\/wp-json\/wp\/v2\/comments?post=22580"}],"version-history":[{"count":0,"href":"https:\/\/vocesdebaires.com.ar\/index.php\/wp-json\/wp\/v2\/posts\/22580\/revisions"}],"wp:featuredmedia":[{"embeddable":true,"href":"https:\/\/vocesdebaires.com.ar\/index.php\/wp-json\/wp\/v2\/media\/22581"}],"wp:attachment":[{"href":"https:\/\/vocesdebaires.com.ar\/index.php\/wp-json\/wp\/v2\/media?parent=22580"}],"wp:term":[{"taxonomy":"category","embeddable":true,"href":"https:\/\/vocesdebaires.com.ar\/index.php\/wp-json\/wp\/v2\/categories?post=22580"},{"taxonomy":"post_tag","embeddable":true,"href":"https:\/\/vocesdebaires.com.ar\/index.php\/wp-json\/wp\/v2\/tags?post=22580"}],"curies":[{"name":"wp","href":"https:\/\/api.w.org\/{rel}","templated":true}]}}