{"id":22586,"date":"2014-02-28T14:55:15","date_gmt":"2014-02-28T17:55:15","guid":{"rendered":"http:\/\/vocesdebaires.com.ar\/wordpress\/index.php\/2014\/02\/28\/macri-pidio-no-politizar-la-educacion\/"},"modified":"2014-02-28T14:55:15","modified_gmt":"2014-02-28T17:55:15","slug":"macri-pidio-no-politizar-la-educacion","status":"publish","type":"post","link":"https:\/\/vocesdebaires.com.ar\/index.php\/2014\/02\/28\/macri-pidio-no-politizar-la-educacion\/","title":{"rendered":"Macri pidi\u00f3 no politizar la educaci\u00f3n"},"content":{"rendered":"<p><span style=\"line-height: 1.3em;\">Al abrir el per\u00edodo de sesiones ordinarias en la Legislatura porte\u00f1a, el jefe de Gobierno, Mauricio Macri, asegur\u00f3 que \u201cla educaci\u00f3n es prioridad absoluta\u00bb para su gesti\u00f3n.<\/span><span style=\"line-height: 1.3em;\">En medio de los reclamos por la falta de vacantes en escuelas p\u00fablicas de la Ciudad y los errores en el nuevo sistema de inscripci\u00f3n on line, el l\u00edder del PRO expres\u00f3 que \u201cla educaci\u00f3n es la prioridad absoluta\u201d y reclam\u00f3 medidas para mejorar la calidad educativa porque \u201ceste es un problema que no puede esperar\u201d. El jefe comunal sostuvo que la Ciudad debe \u201cempezar a planificar pensando en los chicos\u201d y pidi\u00f3 \u201cno politizar la educaci\u00f3n\u201d.<\/span><\/p>\n<p><span style=\"line-height: 1.3em;\">Por otro lado, Macri anticip\u00f3 un a\u00f1o \u00abcomplejo\u00bb al se\u00f1alar que \u201cvivimos en un contexto de un pa\u00eds con turbulencias, donde la aceleraci\u00f3n de la inflaci\u00f3n ha impactado de lleno en nuestros comportamientos y en nuestros desaf\u00edos como gobernantes\u201d. E indic\u00f3 que \u201ca esto se le agrega un panorama econ\u00f3mico que promete ser complejo\u201d que va a \u201ca afectar expectativas, estados de \u00e1nimo y clima social\u201d.<\/span><\/p>\n<p><span style=\"line-height: 1.3em;\">El titular del PRO cont\u00f3 que \u201ccolaborar\u00e1\u201d con la presidenta Cristina Fern\u00e1ndez y con el gobernador bonaerense, Daniel Scioli, para que \u201c2014 transcurra en paz social y unidad para todos los argentinos\u201c.<\/span><span style=\"line-height: 1.3em;\">\u201cSiempre van a encontrar en este jefe de Gobierno, y en su equipo, las puertas abiertas para el di\u00e1logo\u201d, expres\u00f3 Macri, quien adem\u00e1s sostuvo que tanto la jefa de Estado como el mandatario provincial encontrar\u00e1n en \u00e9l a alguien que \u201ccolaborar\u00e1 para que este 2014 transcurra en paz social y unidad para todos los argentinos\u201d.<\/span><\/p>\n<p><span style=\"line-height: 1.3em;\">De cara a las pr\u00f3ximas elecciones, Macri opin\u00f3 que \u201ccada sector pol\u00edtico buscar\u00e1 posicionarse para las elecciones presidenciales de 2015\u201d, pero remarc\u00f3 que buscar\u00e1 \u201cespacios comunes de temas\u201d en los que puedan ponerse de acuerdo.<\/span><span style=\"line-height: 1.3em;\">Adem\u00e1s, record\u00f3 que en 2015 terminar\u00e1 su mandato en la Ciudad que \u201ccierra una etapa de la historia\u201d, pero remarc\u00f3 que \u201cse abrir\u00e1n otras\u201d. Pidi\u00f3 \u201cconstruir una visi\u00f3n pol\u00edtica a largo plazo\u201d y asegur\u00f3 que su gesti\u00f3n trabaj\u00f3 en estos a\u00f1os \u201cpara construir una ciudad de cara a las pr\u00f3ximas d\u00e9cadas\u201d.<\/span><span style=\"line-height: 1.3em;\">\u201cGobierne quien gobierne a partir de 2015, tiene que poder trabajar en un escenario planificado y ordenado, que le permita proyectar sobre lo construido y seguir mejorando la vida de las personas\u201d, sentenci\u00f3 el jefe de Gobierno.<\/span><\/p>\n","protected":false},"excerpt":{"rendered":"<p>Al abrir el per\u00edodo de sesiones ordinarias en la Legislatura porte\u00f1a, el jefe de Gobierno, Mauricio Macri, asegur\u00f3 que \u201cla educaci\u00f3n es prioridad absoluta\u00bb para su gesti\u00f3n.En medio de los reclamos por la falta de vacantes en escuelas p\u00fablicas de la Ciudad y los errores en el nuevo sistema de inscripci\u00f3n on line, el l\u00edder [&hellip;]<\/p>\n","protected":false},"author":2,"featured_media":22587,"comment_status":"open","ping_status":"open","sticky":false,"template":"","format":"standard","meta":{"_et_pb_use_builder":"","_et_pb_old_content":"","_et_gb_content_width":"","footnotes":""},"categories":[11,44],"tags":[],"class_list":["post-22586","post","type-post","status-publish","format-standard","has-post-thumbnail","hentry","category-ciudad","category-funcionarios-de-la-caba"],"_links":{"self":[{"href":"https:\/\/vocesdebaires.com.ar\/index.php\/wp-json\/wp\/v2\/posts\/22586"}],"collection":[{"href":"https:\/\/vocesdebaires.com.ar\/index.php\/wp-json\/wp\/v2\/posts"}],"about":[{"href":"https:\/\/vocesdebaires.com.ar\/index.php\/wp-json\/wp\/v2\/types\/post"}],"author":[{"embeddable":true,"href":"https:\/\/vocesdebaires.com.ar\/index.php\/wp-json\/wp\/v2\/users\/2"}],"replies":[{"embeddable":true,"href":"https:\/\/vocesdebaires.com.ar\/index.php\/wp-json\/wp\/v2\/comments?post=22586"}],"version-history":[{"count":0,"href":"https:\/\/vocesdebaires.com.ar\/index.php\/wp-json\/wp\/v2\/posts\/22586\/revisions"}],"wp:featuredmedia":[{"embeddable":true,"href":"https:\/\/vocesdebaires.com.ar\/index.php\/wp-json\/wp\/v2\/media\/22587"}],"wp:attachment":[{"href":"https:\/\/vocesdebaires.com.ar\/index.php\/wp-json\/wp\/v2\/media?parent=22586"}],"wp:term":[{"taxonomy":"category","embeddable":true,"href":"https:\/\/vocesdebaires.com.ar\/index.php\/wp-json\/wp\/v2\/categories?post=22586"},{"taxonomy":"post_tag","embeddable":true,"href":"https:\/\/vocesdebaires.com.ar\/index.php\/wp-json\/wp\/v2\/tags?post=22586"}],"curies":[{"name":"wp","href":"https:\/\/api.w.org\/{rel}","templated":true}]}}