{"id":2259,"date":"2020-05-07T03:00:00","date_gmt":"2020-05-07T06:00:00","guid":{"rendered":"http:\/\/vocesdebaires.com.ar\/wordpress\/index.php\/2020\/05\/07\/legislatura-debatira-la-emergencia-economica\/"},"modified":"2020-05-07T03:00:00","modified_gmt":"2020-05-07T06:00:00","slug":"legislatura-debatira-la-emergencia-economica","status":"publish","type":"post","link":"https:\/\/vocesdebaires.com.ar\/index.php\/2020\/05\/07\/legislatura-debatira-la-emergencia-economica\/","title":{"rendered":"Legislatura: Debatir\u00e1 la emergencia econ\u00f3mica"},"content":{"rendered":"<p>Se tratar un proyecto de ley que busca facultar al Poder Ejecutivo a reasignar partidas presupuestarias \u00fd garantizar recursos para fortalecer las \u00e1reas cr\u00edticas, en el marco de la pandemia y ante la ca\u00edda de la recaudaci\u00f3n fiscal por la emergencia sanitaria. La Legislatura de la Ciudad Aut\u00f3noma de Buenos Aires sesionar\u00e1 hoy con un temario acordado ayer mi\u00e9rcoles en Labor Parlamentaria, que incluye el proyecto de ley de emergencia econ\u00f3mica y financiera, presentado por el Jefe de Gobierno de la Ciudad y considerado previamente en reuniones de la comisi\u00f3n de Presupuesto.<\/p>\n<p>La norma en tratamiento propone declarar la emergencia hasta el 31 de diciembre pr\u00f3ximo en toda la administraci\u00f3n del Estado de la Ciudad, incluyendo sus tres poderes, las comunas, organismos descentralizados, entes aut\u00e1rquicos y sociedades con participaci\u00f3n mayoritaria de la CABA. Por esa ley se procura darle al Poder Ejecutivo la facultad de incrementar los gastos corrientes para reforzar prioritariamente las acciones de prevenci\u00f3n de la pandemia de coronavirus y, a tal efecto, reasignar partidas presupuestarias, suspender la aplicaci\u00f3n de algunos programas no esenciales en el marco de la crisis, impedir nuevas designaciones, rescindir o modificar contratos y convenios y evitar la incorporaci\u00f3n de personal, excepto en que fuera necesario para atender la salud p\u00fablico o imprescindible para el cumplimiento de servicios esenciales.<\/p>\n<p>Para los contribuyentes habr\u00e1 bonificaciones y descuentos as\u00ed como planes que incentiven el pago anticipado de grav\u00e1menes a cambio de cr\u00e9dito fiscal. Y quedar\u00e1n transitoriamente pospuestas las ejecuciones fiscales, embargos o inhibiciones, atento a la situaci\u00f3n emergente. En reuniones de la comisi\u00f3n de Presupuesto, Hacienda, Administraci\u00f3n Financiera y Pol\u00edtica Tributaria, que preside el legislador Claudio Romero (VJ) los funcionarios de la Jefatura de Gobierno cuantificaron en unos 80 mil millones de pesos la merma en la recaudaci\u00f3n impositiva anual, en relaci\u00f3n con lo presupuestado.<\/p>\n<p>Por tal situaci\u00f3n, tambi\u00e9n se proyecta revisar todas las obras en ejecuci\u00f3n, en proceso, tr\u00e1mite o previstas, las locaciones de servicios, concesiones, permisos, contratos o convenios. Hoy\u00a0 tambi\u00e9n se debatir\u00e1 en sesi\u00f3n ordinaria otra iniciativa oficialista, con despacho de la comisi\u00f3n de Justicia, que preside el legislador Mart\u00edn Ocampo (UCR), que introduce modificaciones a las cartas org\u00e1nicas sobre el funcionamiento del Consejo de la Magistratura de la Ciudad y el Ministerio P\u00fablico, con el prop\u00f3sito explicitado de lograr una \u201cmayor coordinaci\u00f3n administrativa\u201d entre ambos organismos en lo referido a manejos de recursos humanos y materiales.<\/p>\n","protected":false},"excerpt":{"rendered":"<p>Se tratar un proyecto de ley que busca facultar al Poder Ejecutivo a reasignar partidas presupuestarias \u00fd garantizar recursos para fortalecer las \u00e1reas cr\u00edticas, en el marco de la pandemia y ante la ca\u00edda de la recaudaci\u00f3n fiscal por la emergencia sanitaria. La Legislatura de la Ciudad Aut\u00f3noma de Buenos Aires sesionar\u00e1 hoy con un [&hellip;]<\/p>\n","protected":false},"author":1,"featured_media":2260,"comment_status":"open","ping_status":"open","sticky":false,"template":"","format":"standard","meta":{"_et_pb_use_builder":"","_et_pb_old_content":"","_et_gb_content_width":"","footnotes":""},"categories":[11,33],"tags":[],"class_list":["post-2259","post","type-post","status-publish","format-standard","has-post-thumbnail","hentry","category-ciudad","category-sociedad-y-cultura-2"],"_links":{"self":[{"href":"https:\/\/vocesdebaires.com.ar\/index.php\/wp-json\/wp\/v2\/posts\/2259"}],"collection":[{"href":"https:\/\/vocesdebaires.com.ar\/index.php\/wp-json\/wp\/v2\/posts"}],"about":[{"href":"https:\/\/vocesdebaires.com.ar\/index.php\/wp-json\/wp\/v2\/types\/post"}],"author":[{"embeddable":true,"href":"https:\/\/vocesdebaires.com.ar\/index.php\/wp-json\/wp\/v2\/users\/1"}],"replies":[{"embeddable":true,"href":"https:\/\/vocesdebaires.com.ar\/index.php\/wp-json\/wp\/v2\/comments?post=2259"}],"version-history":[{"count":0,"href":"https:\/\/vocesdebaires.com.ar\/index.php\/wp-json\/wp\/v2\/posts\/2259\/revisions"}],"wp:featuredmedia":[{"embeddable":true,"href":"https:\/\/vocesdebaires.com.ar\/index.php\/wp-json\/wp\/v2\/media\/2260"}],"wp:attachment":[{"href":"https:\/\/vocesdebaires.com.ar\/index.php\/wp-json\/wp\/v2\/media?parent=2259"}],"wp:term":[{"taxonomy":"category","embeddable":true,"href":"https:\/\/vocesdebaires.com.ar\/index.php\/wp-json\/wp\/v2\/categories?post=2259"},{"taxonomy":"post_tag","embeddable":true,"href":"https:\/\/vocesdebaires.com.ar\/index.php\/wp-json\/wp\/v2\/tags?post=2259"}],"curies":[{"name":"wp","href":"https:\/\/api.w.org\/{rel}","templated":true}]}}