{"id":22598,"date":"2014-03-05T12:49:43","date_gmt":"2014-03-05T15:49:43","guid":{"rendered":"http:\/\/vocesdebaires.com.ar\/wordpress\/index.php\/2014\/03\/05\/ritondo-firmo-un-convenio-con-la-universidad-de-arkansas\/"},"modified":"2014-03-05T12:49:43","modified_gmt":"2014-03-05T15:49:43","slug":"ritondo-firmo-un-convenio-con-la-universidad-de-arkansas","status":"publish","type":"post","link":"https:\/\/vocesdebaires.com.ar\/index.php\/2014\/03\/05\/ritondo-firmo-un-convenio-con-la-universidad-de-arkansas\/","title":{"rendered":"Ritondo firm\u00f3 un convenio con la Universidad de Arkansas"},"content":{"rendered":"<p><span style=\"line-height: 1.3em;\">El Vicepresidente 1\u00ba de la Legislatura, Cristian Ritondo, fue recibido el presidente de la Universidad de Arkansas, Tom Courtney, con quien firm\u00f3 un convenio de Programas Educativos Profesionales para mejorar la calidad de la ense\u00f1anza de estudiantes y profesionales con mutuo entendimiento, amistad y buenas relaciones entre personas argentinas y norteamericanas en general.<\/span><span style=\"line-height: 1.3em;\">El convenio incluye a funcionarios p\u00fablicos profesionales, representantes, Asesores y Legisladores, quienes \u00a0participar\u00e1n de programas de intercambio de visitas destinados a personas establecidas por cada instituci\u00f3n. Esto servir\u00e1 para el progreso de la \u00a0educaci\u00f3n internacional en el campo del liderazgo y las ciencias pol\u00edticas.<\/span><\/p>\n<p><span style=\"line-height: 1.3em;\">La Legislatura y la Universidad de Arkansas se comprometen a llevar a \u00a0cabo eventos y programas en conjunto en formato de programas que otorguen cr\u00e9dito profesional. Tambi\u00e9n Programas de capacitaci\u00f3n para asesores y legisladores de la Legislatura de la Ciudad de Buenos Aires en la Universidad Central de Arkansas (UCA) con el fin de ampliar su visi\u00f3n y renovar su contenido y m\u00e9todo de ense\u00f1anza. La carta de intenci\u00f3n tendr\u00e1 validez por cinco a\u00f1os.<\/span><\/p>\n<p><span style=\"line-height: 1.3em;\">Luego de la firma del acuerdo del que participaron tambi\u00e9n el Vicepresidente de la Universidad de Arkansas, Steve Runge, el senador Gilbert Baker, la Directora de Intercambio Internacional de la Universidad de Arkansas, Jane Ann Williams y la responsable de contacto Internacional para Am\u00e9rica Latina de la mencionada Universidad, Lara Bersano Calot, Ritondo, hizo entrega de una serie de regalos oficiales, entre los que se incluy\u00f3, un mate argentino grabado y el libro de con la historia de Eva Duarte de Per\u00f3n (Evita) y su paso por la Legislatura<\/span><\/p>\n<p><span style=\"line-height: 1.3em;\">La Universidad e Arkansas tiene m\u00e1s de tiene 11.500 estudiantes, cuenta con 80 carreras de grado, 50 de posgrados, 5 doctorados y alberga alumnos de 59 pa\u00edses. La universidad cuenta con un programa del 100 % de beca para los estudiantes que deseen ser parte de ella.<\/span><\/p>\n<p><span style=\"line-height: 1.3em;\">La delegaci\u00f3n argentina est\u00e1 integrada por: \u00a0el Vicepresidente 1\u00ba de la Legislatura, Cristian Ritondo, la Ministra de Gobierno de la Provincia de Buenos Aires, Cristina \u00c1lvarez Rodriguez, el diputado del PRO por la Ciudad de Buenos Aires,Jorge \u00a0Garayalde, la Directora de Relaciones Internacionales de la Legislatura porte\u00f1a, Licenciada, Carolina Barone, el Secretario General de la UBA, Carlos Mas Velez, el Director de Relaciones Internacionales de la Universidad de la Matanza, Andr\u00e9s Fontana y la Directora del Museo Evita,Natalia Nierenberger. Acompa\u00f1\u00f3 a la delegaci\u00f3n argentina, la Rectora de la Universidad de Encarnaci\u00f3n de Paraguay, Doctora Nadia Schaefer. Todos hicieron el recorrido por las 44 hect\u00e1reas con las que cuenta el campus de la Universidad de Arkansas.<\/span><\/p>\n<p><span style=\"line-height: 1.3em;\">Con Paraguay<\/span><\/p>\n<p><span style=\"line-height: 1.3em;\">El vicepresidente 1\u00ba de la Legislatura, Cristian Ritondo, dialog\u00f3 con la Rectora de la Universidad de Encarnaci\u00f3n de Paraguay, Doctora Nadia Schaefer, sobre el establecimiento de v\u00ednculos institucionales entre los dos pa\u00edses. Tambi\u00e9n sobre la visita del propio Ritondo a las elecciones presidenciales del Paraguay, la celebracion del bicentenario de Paraguay en la Legislatura, a distinci\u00f3n de Personalidad Destacada de la Cultura, del actor, Arnaldo Andr\u00e9 y la posibilidad de establecer una Carta de Intenci\u00f3n de cooperaci\u00f3n educativa, entre la Legislatura y la Universidad de Encarnaci\u00f3n, similar a la firmada con la Universidad de Arkansas.<\/span><\/p>\n","protected":false},"excerpt":{"rendered":"<p>El Vicepresidente 1\u00ba de la Legislatura, Cristian Ritondo, fue recibido el presidente de la Universidad de Arkansas, Tom Courtney, con quien firm\u00f3 un convenio de Programas Educativos Profesionales para mejorar la calidad de la ense\u00f1anza de estudiantes y profesionales con mutuo entendimiento, amistad y buenas relaciones entre personas argentinas y norteamericanas en general.El convenio incluye [&hellip;]<\/p>\n","protected":false},"author":2,"featured_media":22599,"comment_status":"open","ping_status":"open","sticky":false,"template":"","format":"standard","meta":{"_et_pb_use_builder":"","_et_pb_old_content":"","_et_gb_content_width":"","footnotes":""},"categories":[11,44],"tags":[],"class_list":["post-22598","post","type-post","status-publish","format-standard","has-post-thumbnail","hentry","category-ciudad","category-funcionarios-de-la-caba"],"_links":{"self":[{"href":"https:\/\/vocesdebaires.com.ar\/index.php\/wp-json\/wp\/v2\/posts\/22598"}],"collection":[{"href":"https:\/\/vocesdebaires.com.ar\/index.php\/wp-json\/wp\/v2\/posts"}],"about":[{"href":"https:\/\/vocesdebaires.com.ar\/index.php\/wp-json\/wp\/v2\/types\/post"}],"author":[{"embeddable":true,"href":"https:\/\/vocesdebaires.com.ar\/index.php\/wp-json\/wp\/v2\/users\/2"}],"replies":[{"embeddable":true,"href":"https:\/\/vocesdebaires.com.ar\/index.php\/wp-json\/wp\/v2\/comments?post=22598"}],"version-history":[{"count":0,"href":"https:\/\/vocesdebaires.com.ar\/index.php\/wp-json\/wp\/v2\/posts\/22598\/revisions"}],"wp:featuredmedia":[{"embeddable":true,"href":"https:\/\/vocesdebaires.com.ar\/index.php\/wp-json\/wp\/v2\/media\/22599"}],"wp:attachment":[{"href":"https:\/\/vocesdebaires.com.ar\/index.php\/wp-json\/wp\/v2\/media?parent=22598"}],"wp:term":[{"taxonomy":"category","embeddable":true,"href":"https:\/\/vocesdebaires.com.ar\/index.php\/wp-json\/wp\/v2\/categories?post=22598"},{"taxonomy":"post_tag","embeddable":true,"href":"https:\/\/vocesdebaires.com.ar\/index.php\/wp-json\/wp\/v2\/tags?post=22598"}],"curies":[{"name":"wp","href":"https:\/\/api.w.org\/{rel}","templated":true}]}}