{"id":22616,"date":"2014-03-07T17:38:09","date_gmt":"2014-03-07T20:38:09","guid":{"rendered":"http:\/\/vocesdebaires.com.ar\/wordpress\/index.php\/2014\/03\/07\/legislatura-colocaran-una-placa-recordando-a-los-bomberos-de-barracas\/"},"modified":"2014-03-07T17:38:09","modified_gmt":"2014-03-07T20:38:09","slug":"legislatura-colocaran-una-placa-recordando-a-los-bomberos-de-barracas","status":"publish","type":"post","link":"https:\/\/vocesdebaires.com.ar\/index.php\/2014\/03\/07\/legislatura-colocaran-una-placa-recordando-a-los-bomberos-de-barracas\/","title":{"rendered":"Legislatura: Colocar\u00e1n una placa recordando a los bomberos de Barracas"},"content":{"rendered":"<p><span style=\"line-height: 1.3em;\">La Legislatura porte\u00f1a aprob\u00f3, en la sesi\u00f3n del jueves, la colocaci\u00f3n de una placa en el lugar donde los rescatistas de Barracas perdieron sus vida. La iniciativa fue de los diputados; Roberto Quattromano (PRO) y de Claudio Palmeyro (Bloque Sindical Peronista) \u00a0quienes en su proyecto destacan la labor heroica de los rescatistas.<\/span><\/p>\n<p>El 5 de febrero, alrededor de las 9.15, se produjo un incendio en el dep\u00f3sito de la empresa Iron Mountain, situado en la calle Azara 1245, barrio de Barracas, donde por la gran cantidad de fuego se desplom\u00f3 una pared completa que cay\u00f3 sobre un grupo de bomberos y personal de la Guardia de Auxilio y Defensa Civil de la Ciudad.\u00a0<span style=\"line-height: 1.3em;\">La placa llevar\u00e1 el nombre de todos los hombres que perdieron su vida en la tragedia denominados \u00abH\u00e9roes de Barracas\u00bb.<\/span><\/p>\n","protected":false},"excerpt":{"rendered":"<p>La Legislatura porte\u00f1a aprob\u00f3, en la sesi\u00f3n del jueves, la colocaci\u00f3n de una placa en el lugar donde los rescatistas de Barracas perdieron sus vida. La iniciativa fue de los diputados; Roberto Quattromano (PRO) y de Claudio Palmeyro (Bloque Sindical Peronista) \u00a0quienes en su proyecto destacan la labor heroica de los rescatistas. El 5 de [&hellip;]<\/p>\n","protected":false},"author":2,"featured_media":22617,"comment_status":"open","ping_status":"open","sticky":false,"template":"","format":"standard","meta":{"_et_pb_use_builder":"","_et_pb_old_content":"","_et_gb_content_width":"","footnotes":""},"categories":[11,44],"tags":[],"class_list":["post-22616","post","type-post","status-publish","format-standard","has-post-thumbnail","hentry","category-ciudad","category-funcionarios-de-la-caba"],"_links":{"self":[{"href":"https:\/\/vocesdebaires.com.ar\/index.php\/wp-json\/wp\/v2\/posts\/22616"}],"collection":[{"href":"https:\/\/vocesdebaires.com.ar\/index.php\/wp-json\/wp\/v2\/posts"}],"about":[{"href":"https:\/\/vocesdebaires.com.ar\/index.php\/wp-json\/wp\/v2\/types\/post"}],"author":[{"embeddable":true,"href":"https:\/\/vocesdebaires.com.ar\/index.php\/wp-json\/wp\/v2\/users\/2"}],"replies":[{"embeddable":true,"href":"https:\/\/vocesdebaires.com.ar\/index.php\/wp-json\/wp\/v2\/comments?post=22616"}],"version-history":[{"count":0,"href":"https:\/\/vocesdebaires.com.ar\/index.php\/wp-json\/wp\/v2\/posts\/22616\/revisions"}],"wp:featuredmedia":[{"embeddable":true,"href":"https:\/\/vocesdebaires.com.ar\/index.php\/wp-json\/wp\/v2\/media\/22617"}],"wp:attachment":[{"href":"https:\/\/vocesdebaires.com.ar\/index.php\/wp-json\/wp\/v2\/media?parent=22616"}],"wp:term":[{"taxonomy":"category","embeddable":true,"href":"https:\/\/vocesdebaires.com.ar\/index.php\/wp-json\/wp\/v2\/categories?post=22616"},{"taxonomy":"post_tag","embeddable":true,"href":"https:\/\/vocesdebaires.com.ar\/index.php\/wp-json\/wp\/v2\/tags?post=22616"}],"curies":[{"name":"wp","href":"https:\/\/api.w.org\/{rel}","templated":true}]}}