{"id":22618,"date":"2014-03-07T18:10:40","date_gmt":"2014-03-07T21:10:40","guid":{"rendered":"http:\/\/vocesdebaires.com.ar\/wordpress\/index.php\/2014\/03\/07\/comision-de-seguimiento-a-construccion-del-polo-educativo-piedrabuena\/"},"modified":"2014-03-07T18:10:40","modified_gmt":"2014-03-07T21:10:40","slug":"comision-de-seguimiento-a-construccion-del-polo-educativo-piedrabuena","status":"publish","type":"post","link":"https:\/\/vocesdebaires.com.ar\/index.php\/2014\/03\/07\/comision-de-seguimiento-a-construccion-del-polo-educativo-piedrabuena\/","title":{"rendered":"Comisi\u00f3n de seguimiento a construcci\u00f3n del Polo Educativo Piedrabuena"},"content":{"rendered":"<p><span style=\"line-height: 1.3em;\">El Cuerpo legislativo cre\u00f3 una comisi\u00f3n de seguimiento a la construcci\u00f3n del Polo Educativo Comandante Luis Piedrabuena. La modificaci\u00f3n del art\u00edculo 16 de la Ley 4436 dispuso que estar\u00e1 constitu\u00edda por ocho diputados\/as miembros de la Comisi\u00f3n de Educaci\u00f3n, Ciencia y Tecnolog\u00eda de la Legislatura de la Ciudad Aut\u00f3noma de Buenos Aires a propuesta de los Bloques respetando la proporcionalidad de espacios pol\u00edticos y alianzas; dos representantes del Ministerio de Educaci\u00f3n porte\u00f1o, uno de ellos con rango no inferior a Director General; seis familiares de ni\u00f1os\/as en edad escolar que habiten en los barrios aleda\u00f1os al predio donde se construir\u00e1 el polo educativo; dos docentes del correspondiente Distrito Escolar; dos representantes de los sindicatos docentes con mayor cantidad de afiliados\/as de la Ciudad, y tres miembros de la Junta Comunal de la Comuna 8, respetando la proporcionalidad de espacios pol\u00edticos all\u00ed representados. El proyecto de Ley impulsado por Jos\u00e9 Campagnoli (NE), Maximiliano Ferraro (CC), Pablo Ferreyra (IP), Paula Penacca y Lorena Pokoik (FpV) obtuvo 53 votos positivos.<\/span><\/p>\n<p><span style=\"line-height: 1.3em;\">La Ley 4436 dispone que este polo contar\u00e1 con un edificio escolar destinado a la Escuela de Educaci\u00f3n Media N\u00b0 1 D.E. 20, un edificio escolar destinado al \u00c1rea de Educaci\u00f3n de Nivel Inicial en todas sus modalidades, un edificio destinado al \u00c1rea de la Educaci\u00f3n Especial y un complejo polideportivo recreativo destinado al uso com\u00fan de las instituciones educativas dependientes del \u00e1mbito p\u00fablico de gesti\u00f3n estatal y gesti\u00f3n privada, como as\u00ed tambi\u00e9n a otras instituciones barriales. <\/span><\/p>\n<p><span style=\"line-height: 1.3em;\">Pesares por artistas<\/span><\/p>\n<p><span style=\"line-height: 1.3em;\">El Cuerpo parlamentario de la Ciudad de Buenos Aires a trav\u00e9s de una declaraci\u00f3n manifest\u00f3 su \u00abpesar por el fallecimiento del destacado artista pl\u00e1stico uruguayo Don Carlos P\u00e1ez Vilar\u00f3, ocurrido el 24 de febrero de 2014. Vivi\u00f3 y trabaj\u00f3 durante muchos a\u00f1os en nuestra Ciudad, y ha sido denominado, con justicia, como \u201cun artista de dos orillas\u201d expresaron los diputados Christian Bauab y Carmen Polledo (PRO) en la presentaci\u00f3n del proyecto.<\/span><\/p>\n<p><span style=\"line-height: 1.3em;\">Tambi\u00e9n se consider\u00f3 un expediente con el mismo fin a ra\u00edz de la muerte del c\u00e9lebre y mundialmente reconocido guitarrista espa\u00f1ol Francisco S\u00e1nchez G\u00f3mez, popularmente conocido como Paco de Luc\u00eda, sucedido el 26 de febrero \u00faltimo en el hermano pa\u00eds de M\u00e9xico. La iniciativa aprobada sobre tablas fue impulsada por el diputado Juan Pablo Arenaza (PRO).<\/span><\/p>\n","protected":false},"excerpt":{"rendered":"<p>El Cuerpo legislativo cre\u00f3 una comisi\u00f3n de seguimiento a la construcci\u00f3n del Polo Educativo Comandante Luis Piedrabuena. La modificaci\u00f3n del art\u00edculo 16 de la Ley 4436 dispuso que estar\u00e1 constitu\u00edda por ocho diputados\/as miembros de la Comisi\u00f3n de Educaci\u00f3n, Ciencia y Tecnolog\u00eda de la Legislatura de la Ciudad Aut\u00f3noma de Buenos Aires a propuesta de [&hellip;]<\/p>\n","protected":false},"author":2,"featured_media":22619,"comment_status":"open","ping_status":"open","sticky":false,"template":"","format":"standard","meta":{"_et_pb_use_builder":"","_et_pb_old_content":"","_et_gb_content_width":"","footnotes":""},"categories":[11,44],"tags":[],"class_list":["post-22618","post","type-post","status-publish","format-standard","has-post-thumbnail","hentry","category-ciudad","category-funcionarios-de-la-caba"],"_links":{"self":[{"href":"https:\/\/vocesdebaires.com.ar\/index.php\/wp-json\/wp\/v2\/posts\/22618"}],"collection":[{"href":"https:\/\/vocesdebaires.com.ar\/index.php\/wp-json\/wp\/v2\/posts"}],"about":[{"href":"https:\/\/vocesdebaires.com.ar\/index.php\/wp-json\/wp\/v2\/types\/post"}],"author":[{"embeddable":true,"href":"https:\/\/vocesdebaires.com.ar\/index.php\/wp-json\/wp\/v2\/users\/2"}],"replies":[{"embeddable":true,"href":"https:\/\/vocesdebaires.com.ar\/index.php\/wp-json\/wp\/v2\/comments?post=22618"}],"version-history":[{"count":0,"href":"https:\/\/vocesdebaires.com.ar\/index.php\/wp-json\/wp\/v2\/posts\/22618\/revisions"}],"wp:featuredmedia":[{"embeddable":true,"href":"https:\/\/vocesdebaires.com.ar\/index.php\/wp-json\/wp\/v2\/media\/22619"}],"wp:attachment":[{"href":"https:\/\/vocesdebaires.com.ar\/index.php\/wp-json\/wp\/v2\/media?parent=22618"}],"wp:term":[{"taxonomy":"category","embeddable":true,"href":"https:\/\/vocesdebaires.com.ar\/index.php\/wp-json\/wp\/v2\/categories?post=22618"},{"taxonomy":"post_tag","embeddable":true,"href":"https:\/\/vocesdebaires.com.ar\/index.php\/wp-json\/wp\/v2\/tags?post=22618"}],"curies":[{"name":"wp","href":"https:\/\/api.w.org\/{rel}","templated":true}]}}