{"id":22639,"date":"2014-03-10T12:54:54","date_gmt":"2014-03-10T15:54:54","guid":{"rendered":"http:\/\/vocesdebaires.com.ar\/wordpress\/index.php\/2014\/03\/10\/legislaturaprimera-reunion-de-la-comision-de-vivienda\/"},"modified":"2014-03-10T12:54:54","modified_gmt":"2014-03-10T15:54:54","slug":"legislaturaprimera-reunion-de-la-comision-de-vivienda","status":"publish","type":"post","link":"https:\/\/vocesdebaires.com.ar\/index.php\/2014\/03\/10\/legislaturaprimera-reunion-de-la-comision-de-vivienda\/","title":{"rendered":"Legislatura:Primera reuni\u00f3n de la comisi\u00f3n de Vivienda"},"content":{"rendered":"<p><span style=\"line-height: 1.3em;\">El legislador del FPV y miembro de la comisi\u00f3n de vivienda de la Legislatura, Jorge Taiana, \u00a0opin\u00f3 que \u201cdesde la Legislatura debemos buscar una salida no violenta y consensuada\u201d \u00a0a la problem\u00e1tica habitacional que atraviesa el barrio de villa Lugano y asegur\u00f3 que debe ser el Gobierno porte\u00f1o quien brinde respuestas a este conflicto y garantice el cumplimiento efectivo de la ley 1770 de 2005 que prev\u00e9 la urbanizaci\u00f3n de la villa 20.<\/span><\/p>\n<p><span style=\"line-height: 1.3em;\">Los delegados de los ocupantes del predio de Lugano participaron esta tarde de la primera reuni\u00f3n de la comisi\u00f3n de vivienda de la Legislatura y exigieron que el macrismo \u00a0solucione la crisis habitacional que sufren las cientas de familias que habitan la zona. En sus exposiciones, solicitaron la pronta urbanizaci\u00f3n de la villa y el saneamiento de las tierras contaminadas para poder habitarlas. <\/span><\/p>\n<p><span style=\"line-height: 1.3em;\">Por su parte, Taiana advirti\u00f3 que seg\u00fan un estudio realizado por la Asesor\u00eda General Tutelar y el CELS, \u201cen la Ciudad de Buenos Aires cerca de medio mill\u00f3n de personas carecen de una vivienda digna\u201d y agreg\u00f3 que \u201cla cantidad de personas que habitan en villas y asentamientos duplica la de 2001\u201d. Adem\u00e1s, el legislador del FPV sostuvo que \u201cdesde que gobierna la gesti\u00f3n del PRO el presupuesto de vivienda viene disminuyendo a\u00f1o tras a\u00f1o\u201d y explic\u00f3 que \u00bb la Ciudad no construye vivienda social pero otorga \u00a0habilitaciones indiscriminadamente a emprendimientos inmobiliarios millonarios\u201d. <\/span><\/p>\n<p><span style=\"line-height: 1.3em;\">Finalmente, el diputado record\u00f3 que en la sesi\u00f3n de ayer en la Legislatura el bloque del PRO \u00a0impidi\u00f3 el tratamiento de una iniciativa impulsada por el conjunto de la oposici\u00f3n que propon\u00eda la b\u00fasqueda de \u00a0una \u00absoluci\u00f3n no violenta y consensuada en la que prime el di\u00e1logo\u00bb en el conflicto habitacional en Villa Lugano.<\/span><\/p>\n","protected":false},"excerpt":{"rendered":"<p>El legislador del FPV y miembro de la comisi\u00f3n de vivienda de la Legislatura, Jorge Taiana, \u00a0opin\u00f3 que \u201cdesde la Legislatura debemos buscar una salida no violenta y consensuada\u201d \u00a0a la problem\u00e1tica habitacional que atraviesa el barrio de villa Lugano y asegur\u00f3 que debe ser el Gobierno porte\u00f1o quien brinde respuestas a este conflicto y [&hellip;]<\/p>\n","protected":false},"author":2,"featured_media":22640,"comment_status":"open","ping_status":"open","sticky":false,"template":"","format":"standard","meta":{"_et_pb_use_builder":"","_et_pb_old_content":"","_et_gb_content_width":"","footnotes":""},"categories":[11,44],"tags":[],"class_list":["post-22639","post","type-post","status-publish","format-standard","has-post-thumbnail","hentry","category-ciudad","category-funcionarios-de-la-caba"],"_links":{"self":[{"href":"https:\/\/vocesdebaires.com.ar\/index.php\/wp-json\/wp\/v2\/posts\/22639"}],"collection":[{"href":"https:\/\/vocesdebaires.com.ar\/index.php\/wp-json\/wp\/v2\/posts"}],"about":[{"href":"https:\/\/vocesdebaires.com.ar\/index.php\/wp-json\/wp\/v2\/types\/post"}],"author":[{"embeddable":true,"href":"https:\/\/vocesdebaires.com.ar\/index.php\/wp-json\/wp\/v2\/users\/2"}],"replies":[{"embeddable":true,"href":"https:\/\/vocesdebaires.com.ar\/index.php\/wp-json\/wp\/v2\/comments?post=22639"}],"version-history":[{"count":0,"href":"https:\/\/vocesdebaires.com.ar\/index.php\/wp-json\/wp\/v2\/posts\/22639\/revisions"}],"wp:featuredmedia":[{"embeddable":true,"href":"https:\/\/vocesdebaires.com.ar\/index.php\/wp-json\/wp\/v2\/media\/22640"}],"wp:attachment":[{"href":"https:\/\/vocesdebaires.com.ar\/index.php\/wp-json\/wp\/v2\/media?parent=22639"}],"wp:term":[{"taxonomy":"category","embeddable":true,"href":"https:\/\/vocesdebaires.com.ar\/index.php\/wp-json\/wp\/v2\/categories?post=22639"},{"taxonomy":"post_tag","embeddable":true,"href":"https:\/\/vocesdebaires.com.ar\/index.php\/wp-json\/wp\/v2\/tags?post=22639"}],"curies":[{"name":"wp","href":"https:\/\/api.w.org\/{rel}","templated":true}]}}