{"id":2264,"date":"2020-05-06T03:00:00","date_gmt":"2020-05-06T06:00:00","guid":{"rendered":"http:\/\/vocesdebaires.com.ar\/wordpress\/index.php\/2020\/05\/06\/comenzaron-a-hacer-hisopados-en-la-villa-31\/"},"modified":"2020-05-06T03:00:00","modified_gmt":"2020-05-06T06:00:00","slug":"comenzaron-a-hacer-hisopados-en-la-villa-31","status":"publish","type":"post","link":"https:\/\/vocesdebaires.com.ar\/index.php\/2020\/05\/06\/comenzaron-a-hacer-hisopados-en-la-villa-31\/","title":{"rendered":"Comenzaron a hacer hisopados en la Villa 31"},"content":{"rendered":"<p>Preocupados por el aumento de casos confirmados de coronavirus en los barrios m\u00e1s vulnerables, las autoridades sanitarias comenzaron a realizar hisopados en la Villa 31, uno de los focos de contagio m\u00e1s importantes. La vulnerabilidad del barrio ubicado en Retiro qued\u00f3 expuesta hace dos semanas cuando se conoci\u00f3 el primer caso positivo de covid-19. Unos d\u00edas despu\u00e9s, ya se registr\u00f3 all\u00ed la muerte de una se\u00f1ora de 84 a\u00f1os y 130 infectados.Por eso, a partir de este martes se pondr\u00e1 en marcha un operativo que incluir\u00e1 hisopados a personas que hayan tenido contacto estrecho con los infectados o presenten s\u00edntomas compatibles con el coronavirus. La misma metodolog\u00eda se repetir\u00e1 en La Paz, en la localidad Quilmes.<\/p>\n<p>Los gobiernos de Naci\u00f3n y Ciudad, en una tarea conjunta, llevar\u00e1n a cabo el operativo sanitario DETeCTAr (Dispositivo Estrat\u00e9gico de Testeo para Coronavirus en Terreno de Argentina) para identificar personas con coronavirus y derivarlas para su atenci\u00f3n. Para ello, se realizar\u00e1n los test denominados PCR, que son los indicados para diagnosticar la enfermedad. \u201cLos operativos se enfocar\u00e1n en la b\u00fasqueda activa de personas febriles mediante un sistema epidemiol\u00f3gico de vigilancia sanitaria\u201d, informaron fuentes oficiales a T\u00e9lam.<\/p>\n<p>El operativo DETeCTAr, cuyo objetivo es la \u201cdetecci\u00f3n precoz\u201d de la enfermedad, contar\u00e1 con unidades m\u00f3viles sanitarias, por lo que estiman que los resultados de las pruebas estar\u00e1n en 24 horas.<br \/>Villa 31 y la 1-11-14 son las m\u00e1s afectadas por la pandemia: En la Ciudad de Buenos Aires, la Villa 31 y la 1-11-14 contin\u00faan siendo las m\u00e1s afectadas por la pandemia. Seg\u00fan informo el Ministerio de Salud porte\u00f1o, en el asentamiento de Retiro hay 133 casos confirmados, mientras que, en Flores ser\u00edan 67.La distribuci\u00f3n de casos en barrios vulnerables se completa con tres que se detectaron en el Ram\u00f3n Carrillo; dos en Ciudad Oculta; dos en la Villa 20; uno en Barrio F\u00e1tima; uno en la 21-24; uno en Rodrigo Bueno; uno en Piletones; otro en el Barrio Mitre y otros once vecinos que viven en barrios vulnerables, pero no se precis\u00f3 en cu\u00e1les.<\/p>\n","protected":false},"excerpt":{"rendered":"<p>Preocupados por el aumento de casos confirmados de coronavirus en los barrios m\u00e1s vulnerables, las autoridades sanitarias comenzaron a realizar hisopados en la Villa 31, uno de los focos de contagio m\u00e1s importantes. La vulnerabilidad del barrio ubicado en Retiro qued\u00f3 expuesta hace dos semanas cuando se conoci\u00f3 el primer caso positivo de covid-19. Unos [&hellip;]<\/p>\n","protected":false},"author":1,"featured_media":2265,"comment_status":"open","ping_status":"open","sticky":false,"template":"","format":"standard","meta":{"_et_pb_use_builder":"","_et_pb_old_content":"","_et_gb_content_width":"","footnotes":""},"categories":[11,32],"tags":[],"class_list":["post-2264","post","type-post","status-publish","format-standard","has-post-thumbnail","hentry","category-ciudad","category-comunas"],"_links":{"self":[{"href":"https:\/\/vocesdebaires.com.ar\/index.php\/wp-json\/wp\/v2\/posts\/2264"}],"collection":[{"href":"https:\/\/vocesdebaires.com.ar\/index.php\/wp-json\/wp\/v2\/posts"}],"about":[{"href":"https:\/\/vocesdebaires.com.ar\/index.php\/wp-json\/wp\/v2\/types\/post"}],"author":[{"embeddable":true,"href":"https:\/\/vocesdebaires.com.ar\/index.php\/wp-json\/wp\/v2\/users\/1"}],"replies":[{"embeddable":true,"href":"https:\/\/vocesdebaires.com.ar\/index.php\/wp-json\/wp\/v2\/comments?post=2264"}],"version-history":[{"count":0,"href":"https:\/\/vocesdebaires.com.ar\/index.php\/wp-json\/wp\/v2\/posts\/2264\/revisions"}],"wp:featuredmedia":[{"embeddable":true,"href":"https:\/\/vocesdebaires.com.ar\/index.php\/wp-json\/wp\/v2\/media\/2265"}],"wp:attachment":[{"href":"https:\/\/vocesdebaires.com.ar\/index.php\/wp-json\/wp\/v2\/media?parent=2264"}],"wp:term":[{"taxonomy":"category","embeddable":true,"href":"https:\/\/vocesdebaires.com.ar\/index.php\/wp-json\/wp\/v2\/categories?post=2264"},{"taxonomy":"post_tag","embeddable":true,"href":"https:\/\/vocesdebaires.com.ar\/index.php\/wp-json\/wp\/v2\/tags?post=2264"}],"curies":[{"name":"wp","href":"https:\/\/api.w.org\/{rel}","templated":true}]}}