{"id":22656,"date":"2014-03-11T12:20:30","date_gmt":"2014-03-11T15:20:30","guid":{"rendered":"http:\/\/vocesdebaires.com.ar\/wordpress\/index.php\/2014\/03\/11\/maternidad-sarda-vidal-inauguro-ayer-las-obras-de-remodelacion\/"},"modified":"2014-03-11T12:20:30","modified_gmt":"2014-03-11T15:20:30","slug":"maternidad-sarda-vidal-inauguro-ayer-las-obras-de-remodelacion","status":"publish","type":"post","link":"https:\/\/vocesdebaires.com.ar\/index.php\/2014\/03\/11\/maternidad-sarda-vidal-inauguro-ayer-las-obras-de-remodelacion\/","title":{"rendered":"Maternidad Sard\u00e0: Vidal inaugur\u00f3 ayer las obras de remodelaci\u00f3n"},"content":{"rendered":"<p>La vicejefa de gobierno de la ciudad, Mar\u00eda Eugenia Vidal, inaugur\u00f3 ayer las obras de remodelaci\u00f3n, ampliaci\u00f3n y mejoras de accesos en el Hospital Materno Infantil Ram\u00f3n Sard\u00e1, ubicado en Parque Patricios.<span style=\"line-height: 1.3em;\">Acompa\u00f1ada por el jefe de gabinete Horacio Rodr\u00edguez Larreta, la ministra de Salud, Graciela Reybaud, y el secretario de Gesti\u00f3n Comunal y Atenci\u00f3n Ciudadana del Gobierno porte\u00f1o, Eduardo Macchiavelli, Vidal recorri\u00f3 las instalaciones que se reacondicionaron de este centro perinatol\u00f3gico de alta complejidad que asiste a un promedio de 6.000 reci\u00e9n nacidos por a\u00f1o y recibe 100.000 consultas en los servicios ambulatorios de Obstetricia, Ginecolog\u00eda y Pediatr\u00eda.<\/span><\/p>\n<p><span style=\"line-height: 1.3em;\">\u00abA partir de ahora, las mam\u00e1s y beb\u00e9s reci\u00e9n nacidos que vienen a la maternidad para control van a tener un espacio absolutamente agradable y confortable para esperar\u00bb, se\u00f1al\u00f3 Vidal. \u00abAdem\u00e1s de esta inauguraci\u00f3n, estamos proyectando una nueva sala de recuperaci\u00f3n del parto que haremos durante este a\u00f1o. Este tipo de salas est\u00e1n en muchos lugares de excelencia y pronto estar\u00e1 en la Maternidad Sard\u00e1, que es la m\u00e1s importante de la ciudad y donde m\u00e1s partos se hacen\u00bb. <\/span><span style=\"line-height: 1.3em;\">Por su parte, Rodr\u00edguez Larreta manifest\u00f3: \u201cCon estos reacondicionamientos logramos que las madres, sus hijos y familiares puedan sentirse m\u00e1s c\u00f3modos y con una atenci\u00f3n de primer nivel. Cada centro de salud de la Ciudad es un lugar de contenci\u00f3n, por eso continuaremos trabajando cada d\u00eda para mejorar la calidad de vida de quienes all\u00ed se atiendan\u201d.<\/span><\/p>\n<p><span style=\"line-height: 1.3em;\">Por los trabajos de remodelaci\u00f3n realizados se logr\u00f3 independizar y mejorar cada uno de los accesos vehiculares, peatonales, ambulatorios y de urgencia de la maternidad. A su vez, se ampli\u00f3 la superficie dedicada a la guardia y a las salas de espera de consultorios. La obra tambi\u00e9n incluy\u00f3 la incorporaci\u00f3n de un nuevo ascensor en el sector de Consultorios Externos que vincula las \u00e1reas de Tocoginecolog\u00eda, Obstetricia y Pediatr\u00eda.<\/span><span style=\"line-height: 1.3em;\">La Maternidad Sard\u00e1 cuenta con 100 camas de internaci\u00f3n obst\u00e9trica dividas de acuerdo a niveles de complejidad de la patolog\u00eda; salas de per\u00edodo dilatante, seis salas de partos, tres quir\u00f3fanos y salas de recuperaci\u00f3n post-parto y Terapia Intensiva.<\/span><\/p>\n","protected":false},"excerpt":{"rendered":"<p>La vicejefa de gobierno de la ciudad, Mar\u00eda Eugenia Vidal, inaugur\u00f3 ayer las obras de remodelaci\u00f3n, ampliaci\u00f3n y mejoras de accesos en el Hospital Materno Infantil Ram\u00f3n Sard\u00e1, ubicado en Parque Patricios.Acompa\u00f1ada por el jefe de gabinete Horacio Rodr\u00edguez Larreta, la ministra de Salud, Graciela Reybaud, y el secretario de Gesti\u00f3n Comunal y Atenci\u00f3n Ciudadana [&hellip;]<\/p>\n","protected":false},"author":2,"featured_media":22657,"comment_status":"open","ping_status":"open","sticky":false,"template":"","format":"standard","meta":{"_et_pb_use_builder":"","_et_pb_old_content":"","_et_gb_content_width":"","footnotes":""},"categories":[11,44],"tags":[],"class_list":["post-22656","post","type-post","status-publish","format-standard","has-post-thumbnail","hentry","category-ciudad","category-funcionarios-de-la-caba"],"_links":{"self":[{"href":"https:\/\/vocesdebaires.com.ar\/index.php\/wp-json\/wp\/v2\/posts\/22656"}],"collection":[{"href":"https:\/\/vocesdebaires.com.ar\/index.php\/wp-json\/wp\/v2\/posts"}],"about":[{"href":"https:\/\/vocesdebaires.com.ar\/index.php\/wp-json\/wp\/v2\/types\/post"}],"author":[{"embeddable":true,"href":"https:\/\/vocesdebaires.com.ar\/index.php\/wp-json\/wp\/v2\/users\/2"}],"replies":[{"embeddable":true,"href":"https:\/\/vocesdebaires.com.ar\/index.php\/wp-json\/wp\/v2\/comments?post=22656"}],"version-history":[{"count":0,"href":"https:\/\/vocesdebaires.com.ar\/index.php\/wp-json\/wp\/v2\/posts\/22656\/revisions"}],"wp:featuredmedia":[{"embeddable":true,"href":"https:\/\/vocesdebaires.com.ar\/index.php\/wp-json\/wp\/v2\/media\/22657"}],"wp:attachment":[{"href":"https:\/\/vocesdebaires.com.ar\/index.php\/wp-json\/wp\/v2\/media?parent=22656"}],"wp:term":[{"taxonomy":"category","embeddable":true,"href":"https:\/\/vocesdebaires.com.ar\/index.php\/wp-json\/wp\/v2\/categories?post=22656"},{"taxonomy":"post_tag","embeddable":true,"href":"https:\/\/vocesdebaires.com.ar\/index.php\/wp-json\/wp\/v2\/tags?post=22656"}],"curies":[{"name":"wp","href":"https:\/\/api.w.org\/{rel}","templated":true}]}}