{"id":22667,"date":"2014-03-11T20:24:34","date_gmt":"2014-03-11T23:24:34","guid":{"rendered":"http:\/\/vocesdebaires.com.ar\/wordpress\/index.php\/2014\/03\/11\/oliveto-presento-pedido-de-informe-al-servicio-de-combis-ilegal\/"},"modified":"2014-03-11T20:24:34","modified_gmt":"2014-03-11T23:24:34","slug":"oliveto-presento-pedido-de-informe-al-servicio-de-combis-ilegal","status":"publish","type":"post","link":"https:\/\/vocesdebaires.com.ar\/index.php\/2014\/03\/11\/oliveto-presento-pedido-de-informe-al-servicio-de-combis-ilegal\/","title":{"rendered":"Oliveto present\u00f3 pedido de informe al servicio de combis ilegal"},"content":{"rendered":"<p><span style=\"line-height: 1.3em;\">La legisladora porte\u00f1a (CC-ARI en UNEN) Paula Oliveto present\u00f3 hoy un pedido de informe vinculado al servicio de combis ilegal que se ofrece en la zona de plaza Constituci\u00f3n. El pedido presentado pretende garantizar que se cumplan las normas establecidas en el C\u00f3digo de Tr\u00e1nsito y Transporte. En tal sentido Oliveto expres\u00f3 que dichos servicios \u201cno cumplen con las reglas de convivencia de la Ciudad ni del espacio p\u00fablico\u201d, e indic\u00f3 que \u201cson un factor que incrementan fuertemente tanto la inseguridad vial como el caos del tr\u00e1nsito porte\u00f1o\u201d.<\/span><\/p>\n<p><span style=\"line-height: 1.3em;\">La presidenta del bloque de legisladores de la CC-ARI \u00a0se\u00f1al\u00f3 que \u201cla ciudad es un viva la pepa de los vivos que lucran con la falta de respuesta a un transporte digno \u00a0con mucha frecuencia y acorde al bolsillo de los trabajadores\u201d y finaliz\u00f3 diciendo que est\u00e1 \u201csituaci\u00f3n debe tener un final y ser regularizada seg\u00fan las normas vigentes\u201d.<\/span><\/p>\n<p>FOTO: Carlos Luna<\/p>\n","protected":false},"excerpt":{"rendered":"<p>La legisladora porte\u00f1a (CC-ARI en UNEN) Paula Oliveto present\u00f3 hoy un pedido de informe vinculado al servicio de combis ilegal que se ofrece en la zona de plaza Constituci\u00f3n. El pedido presentado pretende garantizar que se cumplan las normas establecidas en el C\u00f3digo de Tr\u00e1nsito y Transporte. En tal sentido Oliveto expres\u00f3 que dichos servicios [&hellip;]<\/p>\n","protected":false},"author":2,"featured_media":22668,"comment_status":"open","ping_status":"open","sticky":false,"template":"","format":"standard","meta":{"_et_pb_use_builder":"","_et_pb_old_content":"","_et_gb_content_width":"","footnotes":""},"categories":[11,44],"tags":[],"class_list":["post-22667","post","type-post","status-publish","format-standard","has-post-thumbnail","hentry","category-ciudad","category-funcionarios-de-la-caba"],"_links":{"self":[{"href":"https:\/\/vocesdebaires.com.ar\/index.php\/wp-json\/wp\/v2\/posts\/22667"}],"collection":[{"href":"https:\/\/vocesdebaires.com.ar\/index.php\/wp-json\/wp\/v2\/posts"}],"about":[{"href":"https:\/\/vocesdebaires.com.ar\/index.php\/wp-json\/wp\/v2\/types\/post"}],"author":[{"embeddable":true,"href":"https:\/\/vocesdebaires.com.ar\/index.php\/wp-json\/wp\/v2\/users\/2"}],"replies":[{"embeddable":true,"href":"https:\/\/vocesdebaires.com.ar\/index.php\/wp-json\/wp\/v2\/comments?post=22667"}],"version-history":[{"count":0,"href":"https:\/\/vocesdebaires.com.ar\/index.php\/wp-json\/wp\/v2\/posts\/22667\/revisions"}],"wp:featuredmedia":[{"embeddable":true,"href":"https:\/\/vocesdebaires.com.ar\/index.php\/wp-json\/wp\/v2\/media\/22668"}],"wp:attachment":[{"href":"https:\/\/vocesdebaires.com.ar\/index.php\/wp-json\/wp\/v2\/media?parent=22667"}],"wp:term":[{"taxonomy":"category","embeddable":true,"href":"https:\/\/vocesdebaires.com.ar\/index.php\/wp-json\/wp\/v2\/categories?post=22667"},{"taxonomy":"post_tag","embeddable":true,"href":"https:\/\/vocesdebaires.com.ar\/index.php\/wp-json\/wp\/v2\/tags?post=22667"}],"curies":[{"name":"wp","href":"https:\/\/api.w.org\/{rel}","templated":true}]}}