{"id":22669,"date":"2014-03-11T20:46:23","date_gmt":"2014-03-11T23:46:23","guid":{"rendered":"http:\/\/vocesdebaires.com.ar\/wordpress\/index.php\/2014\/03\/11\/quattromano-recibio-comision-de-turismo-y-deportes-de-montevideo\/"},"modified":"2014-03-11T20:46:23","modified_gmt":"2014-03-11T23:46:23","slug":"quattromano-recibio-comision-de-turismo-y-deportes-de-montevideo","status":"publish","type":"post","link":"https:\/\/vocesdebaires.com.ar\/index.php\/2014\/03\/11\/quattromano-recibio-comision-de-turismo-y-deportes-de-montevideo\/","title":{"rendered":"Quattromano recibi\u00f3 Comisi\u00f3n de Turismo y Deportes de Montevideo"},"content":{"rendered":"<p><span style=\"line-height: 1.3em;\">El legislador porte\u00f1o y vicepresidente de la Comisi\u00f3n de Turismo y Deportes, Roberto Quattromano (PRO), recibi\u00f3 esta tarde en su despacho al edil Enrique Arezo, quien preside la Comisi\u00f3n de Deportes y Turismo en Montevideo (Uruguay).<\/span><span style=\"line-height: 1.3em;\">Los funcionarios acordaron realizar trabajos en conjunto para reforzar a ambas ciudades del Mercosur y buscar\u00e1n fomentar el turismo en la regi\u00f3n.<\/span><\/p>\n<p>El a\u00f1o pasado, Buenos Aires y Montevideo crearon la Comisi\u00f3n Mixta de Turismo y Deporte, organismo conformado por diputados porte\u00f1os y ediles montevideanos. \u00abEste a\u00f1o vamos a trabajar en la misma sinton\u00eda, fortaleciendo ese acuerdo\u00bb, afirm\u00f3 Quattromano.<\/p>\n","protected":false},"excerpt":{"rendered":"<p>El legislador porte\u00f1o y vicepresidente de la Comisi\u00f3n de Turismo y Deportes, Roberto Quattromano (PRO), recibi\u00f3 esta tarde en su despacho al edil Enrique Arezo, quien preside la Comisi\u00f3n de Deportes y Turismo en Montevideo (Uruguay).Los funcionarios acordaron realizar trabajos en conjunto para reforzar a ambas ciudades del Mercosur y buscar\u00e1n fomentar el turismo en [&hellip;]<\/p>\n","protected":false},"author":2,"featured_media":22670,"comment_status":"open","ping_status":"open","sticky":false,"template":"","format":"standard","meta":{"_et_pb_use_builder":"","_et_pb_old_content":"","_et_gb_content_width":"","footnotes":""},"categories":[11,44],"tags":[],"class_list":["post-22669","post","type-post","status-publish","format-standard","has-post-thumbnail","hentry","category-ciudad","category-funcionarios-de-la-caba"],"_links":{"self":[{"href":"https:\/\/vocesdebaires.com.ar\/index.php\/wp-json\/wp\/v2\/posts\/22669"}],"collection":[{"href":"https:\/\/vocesdebaires.com.ar\/index.php\/wp-json\/wp\/v2\/posts"}],"about":[{"href":"https:\/\/vocesdebaires.com.ar\/index.php\/wp-json\/wp\/v2\/types\/post"}],"author":[{"embeddable":true,"href":"https:\/\/vocesdebaires.com.ar\/index.php\/wp-json\/wp\/v2\/users\/2"}],"replies":[{"embeddable":true,"href":"https:\/\/vocesdebaires.com.ar\/index.php\/wp-json\/wp\/v2\/comments?post=22669"}],"version-history":[{"count":0,"href":"https:\/\/vocesdebaires.com.ar\/index.php\/wp-json\/wp\/v2\/posts\/22669\/revisions"}],"wp:featuredmedia":[{"embeddable":true,"href":"https:\/\/vocesdebaires.com.ar\/index.php\/wp-json\/wp\/v2\/media\/22670"}],"wp:attachment":[{"href":"https:\/\/vocesdebaires.com.ar\/index.php\/wp-json\/wp\/v2\/media?parent=22669"}],"wp:term":[{"taxonomy":"category","embeddable":true,"href":"https:\/\/vocesdebaires.com.ar\/index.php\/wp-json\/wp\/v2\/categories?post=22669"},{"taxonomy":"post_tag","embeddable":true,"href":"https:\/\/vocesdebaires.com.ar\/index.php\/wp-json\/wp\/v2\/tags?post=22669"}],"curies":[{"name":"wp","href":"https:\/\/api.w.org\/{rel}","templated":true}]}}