{"id":22677,"date":"2014-03-12T12:29:16","date_gmt":"2014-03-12T15:29:16","guid":{"rendered":"http:\/\/vocesdebaires.com.ar\/wordpress\/index.php\/2014\/03\/12\/macri-recorrio-pilar-junto-a-vidal\/"},"modified":"2014-03-12T12:29:16","modified_gmt":"2014-03-12T15:29:16","slug":"macri-recorrio-pilar-junto-a-vidal","status":"publish","type":"post","link":"https:\/\/vocesdebaires.com.ar\/index.php\/2014\/03\/12\/macri-recorrio-pilar-junto-a-vidal\/","title":{"rendered":"Macri recorri\u00f3 Pilar junto a  Vidal"},"content":{"rendered":"<p><span style=\"line-height: 1.3em;\">El l\u00edder de PRO, Mauricio Macri, recorri\u00f3 \u00a0el municipio de Pilar junto a la referente partidaria Mar\u00eda Eugenia Vidal y el intendente de Vicente L\u00f3pez, Jorge Macri, y sostuvo que \u201ccada d\u00eda est\u00e1 instal\u00e1ndose con m\u00e1s fuerza la necesidad de construir una alternativa pol\u00edtica que nos devuelva la esperanza y la autoestima como pa\u00eds\u201d.<\/span><span style=\"line-height: 1.3em;\">\u201cHay una sensaci\u00f3n de cansancio en la gente porque han pasado 30 \u00a0a\u00f1os gobernando siempre los mismos y \u00a0no fueron capaces de solucionar los problemas m\u00e1s urgentes y acuciantes. Y ahora, encima, se agreg\u00f3 la inflaci\u00f3n, de la que cre\u00edamos que nos hab\u00edamos curado\u201d, advirti\u00f3.<\/span><\/p>\n<p><span style=\"line-height: 1.3em;\">A su vez, Vidal se\u00f1al\u00f3: \u201cCuanto m\u00e1s recorro m\u00e1s me convenzo de que la provincia de Buenos Aires tiene una enorme oportunidad de estar mejor. En la ciudad demostramos que se pueden mejorar las cosas y estoy segura que podemos trasladar nuestra experiencia a la Provincia\u201d.<\/span><\/p>\n<p><span style=\"line-height: 1.3em;\">Consultada sobre su candidatura en el 2015, insisti\u00f3: \u201cYo quiero formar parte de un equipo que cambie la Provincia, las candidaturas se van a definir m\u00e1s adelante. Este es un a\u00f1o no electoral por lo tanto me parece una excelente oportunidad para recorrer y conocer las problem\u00e1ticas de los bonaerenses\u201d.<\/span><span style=\"line-height: 1.3em;\">El Jefe de Gobierno porte\u00f1o camin\u00f3 junto a Vidal, \u00a0Jorge Macri \u00a0y el concejal local Nicol\u00e1s Ducot\u00e9 por las calles c\u00e9ntricas de Pilar. Visit\u00f3 una carnicer\u00eda, una farmacia y el tradicional bar \u00a0El Colonial y \u00a0dialog\u00f3 luego con vecinos en la Plaza 12 de octubre. M\u00e1s tarde los dirigentes de PRO compartieron otro encuentro con vecinos en el barrio Salas.<\/span><\/p>\n","protected":false},"excerpt":{"rendered":"<p>El l\u00edder de PRO, Mauricio Macri, recorri\u00f3 \u00a0el municipio de Pilar junto a la referente partidaria Mar\u00eda Eugenia Vidal y el intendente de Vicente L\u00f3pez, Jorge Macri, y sostuvo que \u201ccada d\u00eda est\u00e1 instal\u00e1ndose con m\u00e1s fuerza la necesidad de construir una alternativa pol\u00edtica que nos devuelva la esperanza y la autoestima como pa\u00eds\u201d.\u201cHay una [&hellip;]<\/p>\n","protected":false},"author":2,"featured_media":22678,"comment_status":"open","ping_status":"open","sticky":false,"template":"","format":"standard","meta":{"_et_pb_use_builder":"","_et_pb_old_content":"","_et_gb_content_width":"","footnotes":""},"categories":[11,44],"tags":[],"class_list":["post-22677","post","type-post","status-publish","format-standard","has-post-thumbnail","hentry","category-ciudad","category-funcionarios-de-la-caba"],"_links":{"self":[{"href":"https:\/\/vocesdebaires.com.ar\/index.php\/wp-json\/wp\/v2\/posts\/22677"}],"collection":[{"href":"https:\/\/vocesdebaires.com.ar\/index.php\/wp-json\/wp\/v2\/posts"}],"about":[{"href":"https:\/\/vocesdebaires.com.ar\/index.php\/wp-json\/wp\/v2\/types\/post"}],"author":[{"embeddable":true,"href":"https:\/\/vocesdebaires.com.ar\/index.php\/wp-json\/wp\/v2\/users\/2"}],"replies":[{"embeddable":true,"href":"https:\/\/vocesdebaires.com.ar\/index.php\/wp-json\/wp\/v2\/comments?post=22677"}],"version-history":[{"count":0,"href":"https:\/\/vocesdebaires.com.ar\/index.php\/wp-json\/wp\/v2\/posts\/22677\/revisions"}],"wp:featuredmedia":[{"embeddable":true,"href":"https:\/\/vocesdebaires.com.ar\/index.php\/wp-json\/wp\/v2\/media\/22678"}],"wp:attachment":[{"href":"https:\/\/vocesdebaires.com.ar\/index.php\/wp-json\/wp\/v2\/media?parent=22677"}],"wp:term":[{"taxonomy":"category","embeddable":true,"href":"https:\/\/vocesdebaires.com.ar\/index.php\/wp-json\/wp\/v2\/categories?post=22677"},{"taxonomy":"post_tag","embeddable":true,"href":"https:\/\/vocesdebaires.com.ar\/index.php\/wp-json\/wp\/v2\/tags?post=22677"}],"curies":[{"name":"wp","href":"https:\/\/api.w.org\/{rel}","templated":true}]}}