{"id":22694,"date":"2014-03-13T16:51:33","date_gmt":"2014-03-13T19:51:33","guid":{"rendered":"http:\/\/vocesdebaires.com.ar\/wordpress\/index.php\/2014\/03\/13\/quattromano-y-muinos-integraran-el-consejo-asesor-del-deporte\/"},"modified":"2014-03-13T16:51:33","modified_gmt":"2014-03-13T19:51:33","slug":"quattromano-y-muinos-integraran-el-consejo-asesor-del-deporte","status":"publish","type":"post","link":"https:\/\/vocesdebaires.com.ar\/index.php\/2014\/03\/13\/quattromano-y-muinos-integraran-el-consejo-asesor-del-deporte\/","title":{"rendered":"Quattromano y Mui\u00f1os integrar\u00e1n el Consejo Asesor del Deporte"},"content":{"rendered":"<p><span style=\"line-height: 1.3em;\">Los legisladores Roberto Quattromano (PRO) y Mar\u00eda Rosa Mui\u00f1os (FPV) fueron designados, durante la sesi\u00f3n de este jueves, como representantes de la Legislatura en el Consejo Asesor del Deporte.<\/span><span style=\"line-height: 1.3em;\">\u00abVamos a desarrollar un fuerte trabajo con los clubes de barrio, porque para muchos vecinos, como para m\u00ed, es el segundo hogar y queremos que este vinculo se fortalezca\u00bb, se\u00f1al\u00f3 Quattromano.<\/span><span style=\"line-height: 1.3em;\">En el mismo sentido, Mui\u00f1os hizo referencia a los clubes barriales como \u00ab\u00e1mbitos de contenci\u00f3n, en especial para ni\u00f1os y personas de la tercera edad, los m\u00e1s vulnerables de la sociedad. \u00a0Por eso, a trav\u00e9s de estos espacios, debemos profundizar nuestra tarea en pos de su bienestar\u201d.<\/span><\/p>\n<p><span style=\"line-height: 1.3em;\">Ambos diputados integran la Comisi\u00f3n de Turismo y Deportes en la Legislatura, \u00a0requisito indispensable para formar parte del organismo, junto con un representante del Ministerio de Salud, uno del Ministerio de Educaci\u00f3n y, por \u00faltimo, uno de la Universidad de Buenos Aires.<\/span><span style=\"line-height: 1.3em;\">La Ley N\u00ba 1624 (BOCBA N\u00ba 2120) de 2004, reglamentada por Decreto N\u00ba 1416 del 2007, regula, promueve, fiscaliza y coordina el deporte amateur y profesional y la actividad f\u00edsico recreativa, a nivel comunitario.<\/span><span style=\"line-height: 1.3em;\">A partir de esta norma, se cre\u00f3 el Consejo Asesor del Deporte, que preside el Subsecretario de Deportes, o quien este designe o quien lo reemplace, y un representante de cada instituci\u00f3n deportiva que se inscriba en el Registro \u00danico de Instituciones Deportivas. <\/span><\/p>\n","protected":false},"excerpt":{"rendered":"<p>Los legisladores Roberto Quattromano (PRO) y Mar\u00eda Rosa Mui\u00f1os (FPV) fueron designados, durante la sesi\u00f3n de este jueves, como representantes de la Legislatura en el Consejo Asesor del Deporte.\u00abVamos a desarrollar un fuerte trabajo con los clubes de barrio, porque para muchos vecinos, como para m\u00ed, es el segundo hogar y queremos que este vinculo [&hellip;]<\/p>\n","protected":false},"author":2,"featured_media":22695,"comment_status":"open","ping_status":"open","sticky":false,"template":"","format":"standard","meta":{"_et_pb_use_builder":"","_et_pb_old_content":"","_et_gb_content_width":"","footnotes":""},"categories":[11,44],"tags":[],"class_list":["post-22694","post","type-post","status-publish","format-standard","has-post-thumbnail","hentry","category-ciudad","category-funcionarios-de-la-caba"],"_links":{"self":[{"href":"https:\/\/vocesdebaires.com.ar\/index.php\/wp-json\/wp\/v2\/posts\/22694"}],"collection":[{"href":"https:\/\/vocesdebaires.com.ar\/index.php\/wp-json\/wp\/v2\/posts"}],"about":[{"href":"https:\/\/vocesdebaires.com.ar\/index.php\/wp-json\/wp\/v2\/types\/post"}],"author":[{"embeddable":true,"href":"https:\/\/vocesdebaires.com.ar\/index.php\/wp-json\/wp\/v2\/users\/2"}],"replies":[{"embeddable":true,"href":"https:\/\/vocesdebaires.com.ar\/index.php\/wp-json\/wp\/v2\/comments?post=22694"}],"version-history":[{"count":0,"href":"https:\/\/vocesdebaires.com.ar\/index.php\/wp-json\/wp\/v2\/posts\/22694\/revisions"}],"wp:featuredmedia":[{"embeddable":true,"href":"https:\/\/vocesdebaires.com.ar\/index.php\/wp-json\/wp\/v2\/media\/22695"}],"wp:attachment":[{"href":"https:\/\/vocesdebaires.com.ar\/index.php\/wp-json\/wp\/v2\/media?parent=22694"}],"wp:term":[{"taxonomy":"category","embeddable":true,"href":"https:\/\/vocesdebaires.com.ar\/index.php\/wp-json\/wp\/v2\/categories?post=22694"},{"taxonomy":"post_tag","embeddable":true,"href":"https:\/\/vocesdebaires.com.ar\/index.php\/wp-json\/wp\/v2\/tags?post=22694"}],"curies":[{"name":"wp","href":"https:\/\/api.w.org\/{rel}","templated":true}]}}