{"id":22700,"date":"2014-03-13T18:14:56","date_gmt":"2014-03-13T21:14:56","guid":{"rendered":"http:\/\/vocesdebaires.com.ar\/wordpress\/index.php\/2014\/03\/13\/reconocimiento-a-las-victimas-del-incendio-en-barracas\/"},"modified":"2014-03-13T18:14:56","modified_gmt":"2014-03-13T21:14:56","slug":"reconocimiento-a-las-victimas-del-incendio-en-barracas","status":"publish","type":"post","link":"https:\/\/vocesdebaires.com.ar\/index.php\/2014\/03\/13\/reconocimiento-a-las-victimas-del-incendio-en-barracas\/","title":{"rendered":"Reconocimiento a las v\u00edctimas del incendio en Barracas"},"content":{"rendered":"<p><span style=\"line-height: 1.3em;\">Se aprob\u00f3 una ley, iniciativa de la diputada Paula Oliveto (CC) a trav\u00e9s de la cual se har\u00e1 entrega de un Diploma de Honor al Valor a los familiares de las v\u00edctimas del siniestro ocurrido en la calle Azara N\u00ba 1245, el d\u00eda 5 de febrero de 2014, por su destacada actuaci\u00f3n al servicio de la comunidad.<\/span><\/p>\n<p><span style=\"line-height: 1.3em;\">En el mismo sentido, el Cuerpo parlamentario dispuso colocar una placa en honor a Anah\u00ed Garnica, la primer bombero femenino de la Superintendencia Federal de Bomberos de la P.F.A, ca\u00edda en cumplimiento del deber. La iniciativa de la diputada Raquel Herrero (PRO) establece ubicarla en el denominado \u201cPuente de la Mujer\u201d.<\/span><\/p>\n<p><span style=\"line-height: 1.3em;\">Hu\u00e9spedes de Honor<\/span><\/p>\n<p><span style=\"line-height: 1.3em;\">La Legislatura otorg\u00f3 el reconocimiento al Dr. Ricardo Ribera D\u00b4Alcala, Director General de Pol\u00edticas Interiores de la Uni\u00f3n, dependiente de la Secretar\u00eda General del Parlamento Europeo, quien realizar\u00e1 una visita oficial a la Ciudad Aut\u00f3noma de Buenos Aires entre los d\u00edas 24 y 28 de marzo de 2014. Fue autor de la iniciativa el diputado Oscar Moscariello (PRO).<\/span><\/p>\n<p><span style=\"line-height: 1.3em;\">Adem\u00e1s, la misma distinci\u00f3n recibieron a propuesta del diputado Enzo Pagani (PRO) los Dres. Carlo Granelli, Hugues Fulcheron y Emanuele Lucchini Guastalla, quienes participar\u00e1n en la Legislatura de la Ciudad Aut\u00f3noma de Buenos Aires de las Jornadas \u201cDi\u00e1logo entre juristas, confronte entre la experiencia de Alemania, Italia y Argentina sobre el Derecho a la Privacidad y el Principio de la Solidaridad\u201d, a llevarse a cabo el Viernes 11 de abril; y \u00abMaestros del Derecho\u00bb a llevarse a cabo el Mi\u00e9rcoles 7 de Mayo.<\/span><\/p>\n","protected":false},"excerpt":{"rendered":"<p>Se aprob\u00f3 una ley, iniciativa de la diputada Paula Oliveto (CC) a trav\u00e9s de la cual se har\u00e1 entrega de un Diploma de Honor al Valor a los familiares de las v\u00edctimas del siniestro ocurrido en la calle Azara N\u00ba 1245, el d\u00eda 5 de febrero de 2014, por su destacada actuaci\u00f3n al servicio de [&hellip;]<\/p>\n","protected":false},"author":2,"featured_media":22701,"comment_status":"open","ping_status":"open","sticky":false,"template":"","format":"standard","meta":{"_et_pb_use_builder":"","_et_pb_old_content":"","_et_gb_content_width":"","footnotes":""},"categories":[11,44],"tags":[],"class_list":["post-22700","post","type-post","status-publish","format-standard","has-post-thumbnail","hentry","category-ciudad","category-funcionarios-de-la-caba"],"_links":{"self":[{"href":"https:\/\/vocesdebaires.com.ar\/index.php\/wp-json\/wp\/v2\/posts\/22700"}],"collection":[{"href":"https:\/\/vocesdebaires.com.ar\/index.php\/wp-json\/wp\/v2\/posts"}],"about":[{"href":"https:\/\/vocesdebaires.com.ar\/index.php\/wp-json\/wp\/v2\/types\/post"}],"author":[{"embeddable":true,"href":"https:\/\/vocesdebaires.com.ar\/index.php\/wp-json\/wp\/v2\/users\/2"}],"replies":[{"embeddable":true,"href":"https:\/\/vocesdebaires.com.ar\/index.php\/wp-json\/wp\/v2\/comments?post=22700"}],"version-history":[{"count":0,"href":"https:\/\/vocesdebaires.com.ar\/index.php\/wp-json\/wp\/v2\/posts\/22700\/revisions"}],"wp:featuredmedia":[{"embeddable":true,"href":"https:\/\/vocesdebaires.com.ar\/index.php\/wp-json\/wp\/v2\/media\/22701"}],"wp:attachment":[{"href":"https:\/\/vocesdebaires.com.ar\/index.php\/wp-json\/wp\/v2\/media?parent=22700"}],"wp:term":[{"taxonomy":"category","embeddable":true,"href":"https:\/\/vocesdebaires.com.ar\/index.php\/wp-json\/wp\/v2\/categories?post=22700"},{"taxonomy":"post_tag","embeddable":true,"href":"https:\/\/vocesdebaires.com.ar\/index.php\/wp-json\/wp\/v2\/tags?post=22700"}],"curies":[{"name":"wp","href":"https:\/\/api.w.org\/{rel}","templated":true}]}}