{"id":22705,"date":"2014-03-13T20:42:36","date_gmt":"2014-03-13T23:42:36","guid":{"rendered":"http:\/\/vocesdebaires.com.ar\/wordpress\/index.php\/2014\/03\/13\/fixtures-primera-b-nacional-fecha-28\/"},"modified":"2014-03-13T20:42:36","modified_gmt":"2014-03-13T23:42:36","slug":"fixtures-primera-b-nacional-fecha-28","status":"publish","type":"post","link":"https:\/\/vocesdebaires.com.ar\/index.php\/2014\/03\/13\/fixtures-primera-b-nacional-fecha-28\/","title":{"rendered":"Fixtures  Primera B Nacional, fecha 28"},"content":{"rendered":"<p>Esta es la programaci\u00f3n de la fecha 28 de la Primera B \u00a0Nacional detallamos \u00e1rbitros , televisados y canchas a jugar<\/p>\n<p>Viernes 14 de marzo<\/p>\n<p>17.00&#8211;Hurac\u00e1n &#8211; Def. y Justicia, \u00e1rbitro: Mauro Vigliano (TV)<\/p>\n<p>18.00&#8211;Alte. Brown &#8211; Crucero del Norte, \u00e1rbitro: Mariano Gonz\u00e1lez<\/p>\n<p>21.00&#8211;Aldosivi (M. del P.) &#8211; Brown (Adrogu\u00e9), \u00e1rbitro: Diego Ceballos (en estadio Mar del Plata)<\/p>\n<p>21.00&#8211;Boca Unidos &#8211; Douglas Haig, \u00e1rbitro: Carlos C\u00f3rdoba (en Hurac\u00e1n Corrientes)<\/p>\n<p>21.00&#8211;Sarmiento &#8211; San Mart\u00edn (S. Juan), \u00e1rbitro: Ariel Penel<\/p>\n<p>21.30&#8211;Independiente Riv. (Mza.) &#8211; Instituto A.C. Cba., \u00e1rbitro: Mauro Giannini (TV)<\/p>\n<p>21.30&#8211;Banfield &#8211; Independiente, \u00e1rbitro: Germ\u00e1n Delfino (TV)<\/p>\n<p>22.00&#8211;At. Tucum\u00e1n &#8211; Patronato (E.R.), \u00e1rbitro: Jorge Bali\u00f1o (TV)<\/p>\n<p>S\u00e1bado 15 de marzo<\/p>\n<p>12.00&#8211;Villa San Carlos &#8211; Ferro Carril Oeste, \u00e1rbitro: Federico Beligoy<\/p>\n<p>20.00&#8211;Uni\u00f3n &#8211; Sp. Belgrano, \u00e1rbitro: Andr\u00e9s Merlos (TV)<\/p>\n<p>Domingo 16 de marzo<\/p>\n<p>20.00&#8211;Talleres (Cba) &#8211; G. y Esgrima (Jujuy), \u00e1rbitro: Gast\u00f3n Su\u00e1rez (TV) (en estadio Mario A. Kempes)<\/p>\n","protected":false},"excerpt":{"rendered":"<p>Esta es la programaci\u00f3n de la fecha 28 de la Primera B \u00a0Nacional detallamos \u00e1rbitros , televisados y canchas a jugar Viernes 14 de marzo 17.00&#8211;Hurac\u00e1n &#8211; Def. y Justicia, \u00e1rbitro: Mauro Vigliano (TV) 18.00&#8211;Alte. Brown &#8211; Crucero del Norte, \u00e1rbitro: Mariano Gonz\u00e1lez 21.00&#8211;Aldosivi (M. del P.) &#8211; Brown (Adrogu\u00e9), \u00e1rbitro: Diego Ceballos (en estadio [&hellip;]<\/p>\n","protected":false},"author":2,"featured_media":22706,"comment_status":"open","ping_status":"open","sticky":false,"template":"","format":"standard","meta":{"_et_pb_use_builder":"","_et_pb_old_content":"","_et_gb_content_width":"","footnotes":""},"categories":[47,14],"tags":[],"class_list":["post-22705","post","type-post","status-publish","format-standard","has-post-thumbnail","hentry","category-1o-division-b-nacional","category-deportes"],"_links":{"self":[{"href":"https:\/\/vocesdebaires.com.ar\/index.php\/wp-json\/wp\/v2\/posts\/22705"}],"collection":[{"href":"https:\/\/vocesdebaires.com.ar\/index.php\/wp-json\/wp\/v2\/posts"}],"about":[{"href":"https:\/\/vocesdebaires.com.ar\/index.php\/wp-json\/wp\/v2\/types\/post"}],"author":[{"embeddable":true,"href":"https:\/\/vocesdebaires.com.ar\/index.php\/wp-json\/wp\/v2\/users\/2"}],"replies":[{"embeddable":true,"href":"https:\/\/vocesdebaires.com.ar\/index.php\/wp-json\/wp\/v2\/comments?post=22705"}],"version-history":[{"count":0,"href":"https:\/\/vocesdebaires.com.ar\/index.php\/wp-json\/wp\/v2\/posts\/22705\/revisions"}],"wp:featuredmedia":[{"embeddable":true,"href":"https:\/\/vocesdebaires.com.ar\/index.php\/wp-json\/wp\/v2\/media\/22706"}],"wp:attachment":[{"href":"https:\/\/vocesdebaires.com.ar\/index.php\/wp-json\/wp\/v2\/media?parent=22705"}],"wp:term":[{"taxonomy":"category","embeddable":true,"href":"https:\/\/vocesdebaires.com.ar\/index.php\/wp-json\/wp\/v2\/categories?post=22705"},{"taxonomy":"post_tag","embeddable":true,"href":"https:\/\/vocesdebaires.com.ar\/index.php\/wp-json\/wp\/v2\/tags?post=22705"}],"curies":[{"name":"wp","href":"https:\/\/api.w.org\/{rel}","templated":true}]}}