{"id":22709,"date":"2014-03-13T21:26:55","date_gmt":"2014-03-14T00:26:55","guid":{"rendered":"http:\/\/vocesdebaires.com.ar\/wordpress\/index.php\/2014\/03\/13\/afa-mensaje-al-sumo-pontifice\/"},"modified":"2014-03-13T21:26:55","modified_gmt":"2014-03-14T00:26:55","slug":"afa-mensaje-al-sumo-pontifice","status":"publish","type":"post","link":"https:\/\/vocesdebaires.com.ar\/index.php\/2014\/03\/13\/afa-mensaje-al-sumo-pontifice\/","title":{"rendered":"AFA :Mensaje al Sumo Pont\u00edfice"},"content":{"rendered":"<p><span style=\"line-height: 1.3em;\">Primer Aniversario del Papa Francisco El Presidente de la Asociaci\u00f3n del F\u00fatbol Argentino, Se\u00f1or Julio Grondona, los miembros del Comit\u00e9 Ejecutivo y los integrantes de la familia del F\u00fatbol Argentino toda, le hacen llegar su j\u00fabilo al Papa Francisco, al cumplirse el primer a\u00f1o de su reinado.<\/span><span style=\"line-height: 1.3em;\">Asimismo, expresan su renovada esperanza en que el Se\u00f1or lo siga iluminando para que su pr\u00e9dica y su lucha alcancen un Mundo m\u00e1s justo.<\/span><span style=\"line-height: 1.3em;\">Mientras tanto, los miembros de esta Casa seguimos rezando por \u00e9l.<\/span><\/p>\n","protected":false},"excerpt":{"rendered":"<p>Primer Aniversario del Papa Francisco El Presidente de la Asociaci\u00f3n del F\u00fatbol Argentino, Se\u00f1or Julio Grondona, los miembros del Comit\u00e9 Ejecutivo y los integrantes de la familia del F\u00fatbol Argentino toda, le hacen llegar su j\u00fabilo al Papa Francisco, al cumplirse el primer a\u00f1o de su reinado.Asimismo, expresan su renovada esperanza en que el Se\u00f1or [&hellip;]<\/p>\n","protected":false},"author":2,"featured_media":22350,"comment_status":"open","ping_status":"open","sticky":false,"template":"","format":"standard","meta":{"_et_pb_use_builder":"","_et_pb_old_content":"","_et_gb_content_width":"","footnotes":""},"categories":[39,14],"tags":[],"class_list":["post-22709","post","type-post","status-publish","format-standard","has-post-thumbnail","hentry","category-1o-division-a","category-deportes"],"_links":{"self":[{"href":"https:\/\/vocesdebaires.com.ar\/index.php\/wp-json\/wp\/v2\/posts\/22709"}],"collection":[{"href":"https:\/\/vocesdebaires.com.ar\/index.php\/wp-json\/wp\/v2\/posts"}],"about":[{"href":"https:\/\/vocesdebaires.com.ar\/index.php\/wp-json\/wp\/v2\/types\/post"}],"author":[{"embeddable":true,"href":"https:\/\/vocesdebaires.com.ar\/index.php\/wp-json\/wp\/v2\/users\/2"}],"replies":[{"embeddable":true,"href":"https:\/\/vocesdebaires.com.ar\/index.php\/wp-json\/wp\/v2\/comments?post=22709"}],"version-history":[{"count":0,"href":"https:\/\/vocesdebaires.com.ar\/index.php\/wp-json\/wp\/v2\/posts\/22709\/revisions"}],"wp:featuredmedia":[{"embeddable":true,"href":"https:\/\/vocesdebaires.com.ar\/index.php\/wp-json\/wp\/v2\/media\/22350"}],"wp:attachment":[{"href":"https:\/\/vocesdebaires.com.ar\/index.php\/wp-json\/wp\/v2\/media?parent=22709"}],"wp:term":[{"taxonomy":"category","embeddable":true,"href":"https:\/\/vocesdebaires.com.ar\/index.php\/wp-json\/wp\/v2\/categories?post=22709"},{"taxonomy":"post_tag","embeddable":true,"href":"https:\/\/vocesdebaires.com.ar\/index.php\/wp-json\/wp\/v2\/tags?post=22709"}],"curies":[{"name":"wp","href":"https:\/\/api.w.org\/{rel}","templated":true}]}}